{"id":78975,"date":"2025-03-12T14:02:04","date_gmt":"2025-03-12T13:02:04","guid":{"rendered":"https:\/\/get-it-easy.de\/blog\/alquiler-de-portatiles-para-empresas-la-mejor-opcion-para-las-empresas-en-la-era-digital\/"},"modified":"2026-09-01T10:32:21","modified_gmt":"2026-09-01T08:32:21","slug":"alquiler-de-portatiles-para-empresas-la-mejor-opcion-para-las-empresas-en-la-era-digital","status":"publish","type":"post","link":"https:\/\/get-it-easy.de\/es\/blog\/alquiler-de-portatiles-para-empresas-la-mejor-opcion-para-las-empresas-en-la-era-digital\/","title":{"rendered":"Alquilar un port\u00e1til de negocios: la mejor opci\u00f3n para las empresas en la era digital"},"content":{"rendered":"\n<h2>Alquilar un port\u00e1til empresarial: la mejor opci\u00f3n para las empresas<\/h2>\n<p>En el mundo empresarial actual, los port\u00e1tiles de negocios potentes son imprescindibles. Las empresas necesitan dispositivos fiables y potentes, ya sea para el personal de campo, los equipos de proyecto o los modelos de trabajo h\u00edbridos. Pero en lugar de comprar hardware caro, cada vez es m\u00e1s com\u00fan <a href=\"https:\/\/get-it-easy.de\/es\/alquiler\/ordenador\/portatil\/\"><strong>alquiler de port\u00e1tiles<\/strong><\/a> se est\u00e1 imponiendo cada vez m\u00e1s como una alternativa rentable y flexible. En este art\u00edculo descubrir\u00e1s todo lo que necesitas saber sobre las ventajas y c\u00f3mo elegir un port\u00e1til empresarial adecuado.<\/p>\n<h2>\u00bfPor qu\u00e9 alquilar un port\u00e1til empresarial?<\/h2>\n<p>Comprar equipos de alta calidad supone unos costes de inversi\u00f3n elevados, sobre todo para las empresas en crecimiento. El alquiler ofrece ventajas decisivas en este sentido:<\/p>\n<ul>\n<li><strong>Control de costes:<\/strong> nada de grandes inversiones iniciales, sino gastos mensuales predecibles.<\/li>\n<li><strong>Flexibilidad:<\/strong> los equipos se pueden adaptar o cambiar a corto plazo si hace falta.<\/li>\n<li><strong>Siempre a la \u00faltima:<\/strong> no hay riesgo de que la tecnolog\u00eda quede obsoleta, ya que hay nuevos modelos disponibles regularmente.<\/li>\n<li><strong>Mantenimiento y asistencia:<\/strong> ayuda r\u00e1pida en caso de aver\u00edas y mantenimiento peri\u00f3dico a cargo del proveedor.<\/li>\n<li><strong>Sostenibilidad:<\/strong> la reutilizaci\u00f3n y el reciclaje del hardware reducen los residuos electr\u00f3nicos.<\/li>\n<\/ul>\n<h2>\u00bfQu\u00e9 hay que tener en cuenta a la hora de comprar un port\u00e1til para el trabajo?<\/h2>\n<p>No todos los port\u00e1tiles son igual de adecuados para un uso profesional. Aqu\u00ed tienes algunos criterios importantes que deber\u00eda cumplir un port\u00e1til de negocios:<\/p>\n<table>\n<tbody>\n<tr>\n<th>Criterio<\/th>\n<th>Importancia para las empresas<\/th>\n<\/tr>\n<tr>\n<td><strong>Procesador y rendimiento<\/strong><\/td>\n<td>Un procesador potente como el Intel Core i7, como el del <a href=\"\/?product_cat=hp-probook-450-g10-i7\">HP ProBook 450 G10 i7<\/a>, te garantiza un procesamiento r\u00e1pido y una buena capacidad para hacer varias cosas a la vez.<\/td>\n<\/tr>\n<tr>\n<td><strong>Memoria RAM<\/strong><\/td>\n<td>Como m\u00ednimo 8 GB, pero mejor 16 GB de RAM para aplicaciones exigentes y un funcionamiento fluido.<\/td>\n<\/tr>\n<tr>\n<td><strong>Almacenamiento (SSD)<\/strong><\/td>\n<td>Usa unidades SSD para que se carguen r\u00e1pido; lo ideal son 512 GB o m\u00e1s.<\/td>\n<\/tr>\n<tr>\n<td><strong>Pantalla<\/strong><\/td>\n<td>Full HD o superior para una visualizaci\u00f3n ergon\u00f3mica y que no canse la vista, con un tama\u00f1o de pantalla de al menos 14 pulgadas.<\/td>\n<\/tr>\n<tr>\n<td><strong>Funciones de seguridad<\/strong><\/td>\n<td>Identificaci\u00f3n biom\u00e9trica (huella dactilar o reconocimiento facial), chip TPM y cifrado para datos confidenciales.<\/td>\n<\/tr>\n<tr>\n<td><strong>Bater\u00eda y movilidad<\/strong><\/td>\n<td>Una gran autonom\u00eda, un peso reducido y una gran flexibilidad de uso son las caracter\u00edsticas que definen a los dispositivos ultram\u00f3viles de alta calidad, como el <a href=\"\/?product_cat=hp-dragonfly-g4-notebook-pc\">port\u00e1til HP Dragonfly G4<\/a>.<\/td>\n<\/tr>\n<\/tbody>\n<\/table>\n<h2>Los mejores modelos de port\u00e1tiles para empresa de 2024<\/h2>\n<p>Seg\u00fan los \u00faltimos an\u00e1lisis de mercado, estos son los modelos que m\u00e1s te recomendamos:<\/p>\n<ul>\n<li><strong>Dell Latitude 9440:<\/strong> dise\u00f1o de alta calidad, gran rendimiento y excelentes funciones de seguridad.<\/li>\n<li><strong>Lenovo ThinkPad X1 Carbon Gen 11:<\/strong> s\u00faper ligero, resistente y con una bater\u00eda de larga duraci\u00f3n.<\/li>\n<li><strong>Apple MacBook Pro (M2):<\/strong> perfecto para usuarios del \u00e1mbito creativo, con una potencia de c\u00e1lculo enorme.<\/li>\n<li><strong>HP EliteBook 860 G9:<\/strong> muy vers\u00e1til, con un hardware potente y cumple con los est\u00e1ndares de seguridad empresarial.<\/li>\n<li><strong>HP Omnibook Ultra Flip:<\/strong> un dispositivo especialmente vers\u00e1til con pantalla t\u00e1ctil giratoria, ideal para presentaciones creativas y reuniones interactivas. Descubre m\u00e1s sobre este dispositivo en la p\u00e1gina del <a href=\"\/?product_cat=hp-omnibook-ultra-flip\">HP Omnibook Ultra Flip<\/a>.<\/li>\n<\/ul>\n<p>En <a href=\"https:\/\/get-it-easy.de\/es\/alquiler\/ordenador\/portatil\/\">nuestro resumen de port\u00e1tiles empresariales<\/a> encontrar\u00e1s una selecci\u00f3n de otras opciones interesantes para tu empresa.<\/p>\n<h2>Ventajas de alquilar frente a comprar<\/h2>\n<p>La decisi\u00f3n de alquilar o comprar un port\u00e1til empresarial depende de las necesidades espec\u00edficas de cada empresa. Sin embargo, en muchos casos, el alquiler ofrece ventajas importantes:<\/p>\n<table>\n<tbody>\n<tr>\n<th>Ventaja<\/th>\n<th>Explicaci\u00f3n<\/th>\n<\/tr>\n<tr>\n<td><strong>Rentabilidad<\/strong><\/td>\n<td>No hay que hacer un gran pago \u00fanico, sino cuotas mensuales predecibles.<\/td>\n<\/tr>\n<tr>\n<td><strong>Flexibilidad<\/strong><\/td>\n<td>Las actualizaciones tecnol\u00f3gicas se pueden realizar sin problemas.<\/td>\n<\/tr>\n<tr>\n<td><strong>Asistencia t\u00e9cnica<\/strong><\/td>\n<td>Incluido en el contrato de alquiler, ayuda r\u00e1pida si tienes alg\u00fan problema.<\/td>\n<\/tr>\n<tr>\n<td><strong>Escalabilidad<\/strong><\/td>\n<td>A\u00f1adir o devolver m\u00e1s o menos dispositivos seg\u00fan las necesidades.<\/td>\n<\/tr>\n<\/tbody>\n<\/table>\n<p>Descubre m\u00e1s sobre las opciones de alquiler y echa un vistazo a toda nuestra oferta en la secci\u00f3n <a href=\"https:\/\/get-it-easy.de\/es\/alquiler\/ordenador\/\">\u00abAlquiler de ordenadores<\/a>\u00bb.<\/p>\n<h2>\u00bfPara qu\u00e9 empresas sale a cuenta alquilar equipos inform\u00e1ticos?<\/h2>\n<p>El alquiler de port\u00e1tiles para empresas resulta especialmente interesante para:<\/p>\n<ul>\n<li>Start-ups y empresas en r\u00e1pido crecimiento con necesidades cambiantes.<\/li>\n<li>Empresas con un presupuesto de TI limitado, pero que aun as\u00ed quieren usar tecnolog\u00eda moderna.<\/li>\n<li>Equipos que trabajan en proyectos y solo necesitan hardware adicional durante un tiempo limitado.<\/li>\n<li>Conferencias, ferias o cursos de formaci\u00f3n en los que se necesitan port\u00e1tiles con poca antelaci\u00f3n.<\/li>\n<\/ul>\n<h2>Preguntas frecuentes sobre el alquiler de port\u00e1tiles para empresas<\/h2>\n<h3>\u00bfQu\u00e9 duraciones de contrato hay?<\/h3>\n<p>La mayor\u00eda de los proveedores ofrecen plazos flexibles que van desde un mes hasta varios a\u00f1os.<\/p>\n<h3>\u00bfSe pueden adaptar los dispositivos de alquiler a tus necesidades espec\u00edficas?<\/h3>\n<p>S\u00ed, muchos proveedores permiten una configuraci\u00f3n personalizada en cuanto a software y almacenamiento.<\/p>\n<h3>\u00bfQu\u00e9 pasa si se estropean?<\/h3>\n<p>Los aparatos averiados suelen repararse o sustituirse r\u00e1pidamente.<\/p>\n<h3>\u00bfEl leasing o el alquiler son deducibles a efectos fiscales?<\/h3>\n<p>S\u00ed, por lo general, los gastos de alquiler se pueden contabilizar como gastos de explotaci\u00f3n.<\/p>\n<h3>\u00bfSe pueden alquilar varios aparatos a la vez?<\/h3>\n<p>S\u00ed, sobre todo para empresas o equipos grandes, se puede hacer un alquiler a gran escala sin ning\u00fan problema.<\/p>\n<h2>Conclusi\u00f3n: \u00a1merece la pena alquilar un port\u00e1til para el trabajo!<\/h2>\n<p>Alquilar port\u00e1tiles empresariales es una alternativa inteligente a comprarlos. Te ofrece <strong>una buena relaci\u00f3n calidad-precio, flexibilidad y tecnolog\u00eda siempre actualizada<\/strong>. Este modelo resulta especialmente beneficioso para las empresas con necesidades cambiantes. \u00bfQuieres <strong>alquilar port\u00e1tiles empresariales para tu empresa<\/strong>? Echa un vistazo a nuestras ofertas de alquiler actuales y d\u00e9jate asesorar de forma personalizada.<\/p>\n\n<div class=\"ShariffSC\" style=\"margin-top: -5px; margin-left:-4px;\"><div class=\"shariff shariff-align-left shariff-widget-align-left\"><div class=\"ShariffHeadline\"> <\/div><ul class=\"shariff-buttons theme-default orientation-horizontal buttonsize-small\"><li class=\"shariff-button facebook shariff-nocustomcolor\" style=\"background-color:#4273c8\"><a href=\"https:\/\/www.facebook.com\/sharer\/sharer.php?u=https%3A%2F%2Fget-it-easy.de%2Fes%2Fblog%2Falquiler-de-portatiles-para-empresas-la-mejor-opcion-para-las-empresas-en-la-era-digital%2F\" title=\"Compartir en Facebook\" aria-label=\"Compartir en Facebook\" role=\"button\" rel=\"nofollow\" class=\"shariff-link\" style=\"; background-color:#3b5998; color:#fff\" target=\"_blank\"><span class=\"shariff-icon\" style=\"\"><svg width=\"32px\" height=\"20px\" xmlns=\"http:\/\/www.w3.org\/2000\/svg\" viewBox=\"0 0 18 32\"><path fill=\"#3b5998\" d=\"M17.1 0.2v4.7h-2.8q-1.5 0-2.1 0.6t-0.5 1.9v3.4h5.2l-0.7 5.3h-4.5v13.6h-5.5v-13.6h-4.5v-5.3h4.5v-3.9q0-3.3 1.9-5.2t5-1.8q2.6 0 4.1 0.2z\"\/><\/svg><\/span><span class=\"shariff-text\">compartir<\/span>&nbsp;<\/a><\/li><li class=\"shariff-button whatsapp shariff-nocustomcolor\" style=\"background-color:#5cbe4a\"><a href=\"https:\/\/api.whatsapp.com\/send?text=https%3A%2F%2Fget-it-easy.de%2Fes%2Fblog%2Falquiler-de-portatiles-para-empresas-la-mejor-opcion-para-las-empresas-en-la-era-digital%2F%20Alquilar%20un%20port%C3%A1til%20de%20negocios%3A%20la%20mejor%20opci%C3%B3n%20para%20las%20empresas%20en%20la%20era%20digital\" title=\"Compartir en Whatsapp\" aria-label=\"Compartir en Whatsapp\" role=\"button\" rel=\"noopener nofollow\" class=\"shariff-link\" style=\"; background-color:#34af23; color:#fff\" target=\"_blank\"><span class=\"shariff-icon\" style=\"\"><svg width=\"32px\" height=\"20px\" xmlns=\"http:\/\/www.w3.org\/2000\/svg\" viewBox=\"0 0 32 32\"><path fill=\"#34af23\" d=\"M17.6 17.4q0.2 0 1.7 0.8t1.6 0.9q0 0.1 0 0.3 0 0.6-0.3 1.4-0.3 0.7-1.3 1.2t-1.8 0.5q-1 0-3.4-1.1-1.7-0.8-3-2.1t-2.6-3.3q-1.3-1.9-1.3-3.5v-0.1q0.1-1.6 1.3-2.8 0.4-0.4 0.9-0.4 0.1 0 0.3 0t0.3 0q0.3 0 0.5 0.1t0.3 0.5q0.1 0.4 0.6 1.6t0.4 1.3q0 0.4-0.6 1t-0.6 0.8q0 0.1 0.1 0.3 0.6 1.3 1.8 2.4 1 0.9 2.7 1.8 0.2 0.1 0.4 0.1 0.3 0 1-0.9t0.9-0.9zM14 26.9q2.3 0 4.3-0.9t3.6-2.4 2.4-3.6 0.9-4.3-0.9-4.3-2.4-3.6-3.6-2.4-4.3-0.9-4.3 0.9-3.6 2.4-2.4 3.6-0.9 4.3q0 3.6 2.1 6.6l-1.4 4.2 4.3-1.4q2.8 1.9 6.2 1.9zM14 2.2q2.7 0 5.2 1.1t4.3 2.9 2.9 4.3 1.1 5.2-1.1 5.2-2.9 4.3-4.3 2.9-5.2 1.1q-3.5 0-6.5-1.7l-7.4 2.4 2.4-7.2q-1.9-3.2-1.9-6.9 0-2.7 1.1-5.2t2.9-4.3 4.3-2.9 5.2-1.1z\"\/><\/svg><\/span><span class=\"shariff-text\">compartir<\/span>&nbsp;<\/a><\/li><li class=\"shariff-button mailto shariff-nocustomcolor\" style=\"background-color:#a8a8a8\"><a href=\"mailto:?body=https%3A%2F%2Fget-it-easy.de%2Fes%2Fblog%2Falquiler-de-portatiles-para-empresas-la-mejor-opcion-para-las-empresas-en-la-era-digital%2F&subject=Alquilar%20un%20port%C3%A1til%20de%20negocios%3A%20la%20mejor%20opci%C3%B3n%20para%20las%20empresas%20en%20la%20era%20digital\" title=\"Enviar por correo electr\u00f3nico\" aria-label=\"Enviar por correo electr\u00f3nico\" role=\"button\" rel=\"noopener nofollow\" class=\"shariff-link\" style=\"; background-color:#999; color:#fff\"><span class=\"shariff-icon\" style=\"\"><svg width=\"32px\" height=\"20px\" xmlns=\"http:\/\/www.w3.org\/2000\/svg\" viewBox=\"0 0 32 32\"><path fill=\"#999\" d=\"M32 12.7v14.2q0 1.2-0.8 2t-2 0.9h-26.3q-1.2 0-2-0.9t-0.8-2v-14.2q0.8 0.9 1.8 1.6 6.5 4.4 8.9 6.1 1 0.8 1.6 1.2t1.7 0.9 2 0.4h0.1q0.9 0 2-0.4t1.7-0.9 1.6-1.2q3-2.2 8.9-6.1 1-0.7 1.8-1.6zM32 7.4q0 1.4-0.9 2.7t-2.2 2.2q-6.7 4.7-8.4 5.8-0.2 0.1-0.7 0.5t-1 0.7-0.9 0.6-1.1 0.5-0.9 0.2h-0.1q-0.4 0-0.9-0.2t-1.1-0.5-0.9-0.6-1-0.7-0.7-0.5q-1.6-1.1-4.7-3.2t-3.6-2.6q-1.1-0.7-2.1-2t-1-2.5q0-1.4 0.7-2.3t2.1-0.9h26.3q1.2 0 2 0.8t0.9 2z\"\/><\/svg><\/span><span class=\"shariff-text\">correo<\/span>&nbsp;<\/a><\/li><\/ul><\/div><\/div>","protected":false},"excerpt":{"rendered":"<p>\u00a1Alquilar en lugar de comprar!   Descubre por qu\u00e9 alquilar port\u00e1tiles de empresa es la mejor opci\u00f3n para las empresas en la era digital. \u00a1Soluciones flexibles y rentables!<\/p>\n","protected":false},"author":16,"featured_media":78950,"comment_status":"closed","ping_status":"","sticky":false,"template":"","format":"standard","meta":{"_acf_changed":false,"footnotes":""},"categories":[866],"tags":[],"class_list":["post-78975","post","type-post","status-publish","format-standard","has-post-thumbnail","hentry","category-soluciones-de-alquiler-para-empresas"],"acf":[],"_links":{"self":[{"href":"https:\/\/get-it-easy.de\/es\/wp-json\/wp\/v2\/posts\/78975","targetHints":{"allow":["GET"]}}],"collection":[{"href":"https:\/\/get-it-easy.de\/es\/wp-json\/wp\/v2\/posts"}],"about":[{"href":"https:\/\/get-it-easy.de\/es\/wp-json\/wp\/v2\/types\/post"}],"author":[{"embeddable":true,"href":"https:\/\/get-it-easy.de\/es\/wp-json\/wp\/v2\/users\/16"}],"replies":[{"embeddable":true,"href":"https:\/\/get-it-easy.de\/es\/wp-json\/wp\/v2\/comments?post=78975"}],"version-history":[{"count":1,"href":"https:\/\/get-it-easy.de\/es\/wp-json\/wp\/v2\/posts\/78975\/revisions"}],"predecessor-version":[{"id":78976,"href":"https:\/\/get-it-easy.de\/es\/wp-json\/wp\/v2\/posts\/78975\/revisions\/78976"}],"wp:featuredmedia":[{"embeddable":true,"href":"https:\/\/get-it-easy.de\/es\/wp-json\/wp\/v2\/media\/78950"}],"wp:attachment":[{"href":"https:\/\/get-it-easy.de\/es\/wp-json\/wp\/v2\/media?parent=78975"}],"wp:term":[{"taxonomy":"category","embeddable":true,"href":"https:\/\/get-it-easy.de\/es\/wp-json\/wp\/v2\/categories?post=78975"},{"taxonomy":"post_tag","embeddable":true,"href":"https:\/\/get-it-easy.de\/es\/wp-json\/wp\/v2\/tags?post=78975"}],"curies":[{"name":"wp","href":"https:\/\/api.w.org\/{rel}","templated":true}]}}