{"id":79017,"date":"2025-02-07T15:00:00","date_gmt":"2025-02-07T14:00:00","guid":{"rendered":"https:\/\/get-it-easy.de\/blog\/los-mejores-portatiles-para-empresas-ahora-puedes-alquilar-estos-modelos-con-total-flexibilidad\/"},"modified":"2026-09-01T10:34:11","modified_gmt":"2026-09-01T08:34:11","slug":"los-mejores-portatiles-para-empresas-ahora-puedes-alquilar-estos-modelos-con-total-flexibilidad","status":"publish","type":"post","link":"https:\/\/get-it-easy.de\/es\/blog\/los-mejores-portatiles-para-empresas-ahora-puedes-alquilar-estos-modelos-con-total-flexibilidad\/","title":{"rendered":"Los mejores port\u00e1tiles para empresas: ya puedes alquilar estos modelos con total flexibilidad"},"content":{"rendered":"\n<h2>Los mejores port\u00e1tiles para empresas: la mejor opci\u00f3n para aumentar la productividad y la eficiencia<\/h2>\n<p>Ya seas una start-up, una pyme o una gran empresa, el port\u00e1til adecuado puede revolucionar tu d\u00eda a d\u00eda en el trabajo. Hoy en d\u00eda, un port\u00e1til es mucho m\u00e1s que una simple herramienta de trabajo para las empresas: tiene que ser fiable, potente y vers\u00e1til para estar a la altura de las exigencias de los entornos de trabajo modernos. En este art\u00edculo analizamos los mejores <a href=\"https:\/\/get-it-easy.de\/es\/alquiler\/ordenador\/portatil\/portatiles-de-oficina\/\">port\u00e1tiles empresariales<\/a>, especialmente dise\u00f1ados para su uso en el \u00e1mbito empresarial.<\/p>\n<h2>\u00bfPor qu\u00e9 es tan importante elegir bien el port\u00e1til de trabajo adecuado?<\/h2>\n<p>Los requisitos de los port\u00e1tiles empresariales difieren bastante de los de un port\u00e1til normal para particulares. Para las empresas, lo que cuenta son aspectos como:<\/p>\n<ul>\n<li>Robustez y durabilidad<\/li>\n<li>Funciones de seguridad de alta calidad, como el esc\u00e1ner de huellas dactilares o los chips TPM<\/li>\n<li>Rendimiento para la multitarea y software especializado<\/li>\n<li>F\u00e1cil de llevar y con una bater\u00eda de larga duraci\u00f3n<\/li>\n<li>Garant\u00edas ampliadas y ofertas de asistencia t\u00e9cnica<\/li>\n<\/ul>\n<p>Un port\u00e1til de trabajo fiable reduce al m\u00ednimo los tiempos de inactividad, aumenta la productividad y garantiza la satisfacci\u00f3n de los empleados. Adem\u00e1s, las empresas pueden <a href=\"https:\/\/get-it-easy.de\/es\/alquiler\/ordenador\/portatil\/\">alquilar un port\u00e1til<\/a> para cubrir necesidades de hardware a corto plazo de forma flexible y rentable. A continuaci\u00f3n, echamos un vistazo a los mejores modelos.<\/p>\n<h2>Los mejores port\u00e1tiles para empresas en 2023<\/h2>\n<p>Bas\u00e1ndonos en los \u00faltimos an\u00e1lisis de mercado y en las valoraciones de los usuarios, hemos seleccionado los mejores port\u00e1tiles para negocios. Aqu\u00ed tienes un resumen:<\/p>\n<table border=\"1\">\n<thead>\n<tr>\n<th>MODELO<\/th>\n<th>PROCESADOR<\/th>\n<th>PANTALLA<\/th>\n<th>RAM<\/th>\n<th>CARACTER\u00cdSTICAS DESTACADAS<\/th>\n<th>PRECIO<\/th>\n<\/tr>\n<\/thead>\n<tbody>\n<tr>\n<td><a href=\"\/?product_cat=thinkpad-t500-lenovo-notebook\" target=\"_blank\" rel=\"noopener\">Lenovo ThinkPad T500<\/a><\/td>\n<td>Intel Core i5<\/td>\n<td>15,4 pulgadas, WXGA<\/td>\n<td>Al menos 4 GB<\/td>\n<td>Dise\u00f1o resistente, ideal para aplicaciones de oficina<\/td>\n<td>A partir de 39,00 \u20ac m\u00e1s IVA<\/td>\n<\/tr>\n<tr>\n<td><a href=\"\/?product_cat=dell-xps-13\" target=\"_blank\" rel=\"noopener\">Dell XPS 13 (2021)<\/a><\/td>\n<td>Intel Core i5 o i7 de 11.\u00aa generaci\u00f3n<\/td>\n<td>A partir de 13 pulgadas, FHD<\/td>\n<td>8 GB o 16 GB<\/td>\n<td>Potente, ideal para trabajar desde casa<\/td>\n<td>Desde 79,00 \u20ac m\u00e1s IVA<\/td>\n<\/tr>\n<tr>\n<td><a href=\"\/?product_cat=hp-probook-450-i5\" target=\"_blank\" rel=\"noopener\">Port\u00e1tiles de oficina HP<\/a><\/td>\n<td>Intel Core i3 o i5<\/td>\n<td>14&#8243;, 15,6&#8243; o 17,3&#8243;.<\/td>\n<td>4 GB o 8 GB<\/td>\n<td>Varios modelos para aplicaciones de oficina<\/td>\n<td>A partir de 32,00 \u20ac m\u00e1s IVA<\/td>\n<\/tr>\n<tr>\n<td><a href=\"\/?product_cat=macbook-pro-13-2022\" target=\"_blank\" rel=\"noopener\">Apple MacBook Pro de 13&#8243; con M2 (2022)<\/a><\/td>\n<td>Apple M2<\/td>\n<td>13,3 pulgadas, Retina<\/td>\n<td>8 GB, 16 GB o 24 GB<\/td>\n<td>Gran potencia, dise\u00f1o compacto<\/td>\n<td>A partir de 99,00 \u20ac m\u00e1s IVA<\/td>\n<\/tr>\n<\/tbody>\n<\/table>\n<h2>\u00bfQu\u00e9 hay que tener en cuenta a la hora de elegir un port\u00e1til para el trabajo?<\/h2>\n<h3>1. Rendimiento y hardware<\/h3>\n<p>Las empresas suelen trabajar con aplicaciones que consumen muchos datos, como suites ofim\u00e1ticas, herramientas de gesti\u00f3n de proyectos o soluciones de software especializadas. Por eso, deber\u00edas tener en cuenta los siguientes componentes de hardware:<\/p>\n<ul>\n<li><strong>Procesador:<\/strong> lo ideal son los modelos Intel Core i5\/i7 o los equivalentes de AMD Ryzen. Los chips Apple M1\/M2 ofrecen un rendimiento excelente.<\/li>\n<li><strong>Memoria RAM:<\/strong> como m\u00ednimo 8 GB, aunque es mejor tener 16 GB o m\u00e1s para poder hacer varias cosas a la vez sin problemas.<\/li>\n<li><strong>Espacio de almacenamiento:<\/strong> los SSD (256 GB o m\u00e1s) ofrecen tiempos de carga r\u00e1pidos y espacio suficiente para tus datos.<\/li>\n<\/ul>\n<h3>2. Fiabilidad y seguridad<\/h3>\n<p>La protecci\u00f3n de datos y la seguridad nunca deben descuidarse en el \u00e1mbito empresarial. Funciones como el esc\u00e1ner de huellas dactilares, el reconocimiento facial o el protector f\u00edsico de la c\u00e1mara web aumentan la seguridad de los datos.<\/p>\n<p>Adem\u00e1s, las empresas deber\u00edan elegir port\u00e1tiles que sean resistentes y duraderos. Los dispositivos de la <a href=\"\/?product_cat=lenovo-t14\">serie ThinkPad de Lenovo<\/a>, por ejemplo, cumplen con estrictas normas militares de resistencia.<\/p>\n<h3>3. Movilidad y autonom\u00eda de la bater\u00eda<\/h3>\n<p>Para los viajes de negocios y el teletrabajo, la portabilidad de un port\u00e1til es un factor clave:<\/p>\n<ul>\n<li>Peso: como m\u00e1ximo 1,5 kg<\/li>\n<li>Autonom\u00eda de la bater\u00eda: al menos 8 horas de uso real<\/li>\n<li>Dise\u00f1o compacto para guardarlo f\u00e1cilmente en el bolso<\/li>\n<\/ul>\n<h3>4. Calidad de la pantalla<\/h3>\n<p>Una pantalla de alta calidad no solo mejora la productividad, sino que tambi\u00e9n es m\u00e1s c\u00f3moda para la vista. F\u00edjate en que tenga una resoluci\u00f3n alta (como m\u00ednimo Full HD) y la tecnolog\u00eda de pantalla adecuada (OLED o IPS para un mejor contraste y mejores colores).<\/p>\n<h2>Ofertas destacadas: estos port\u00e1tiles destacan sobre el resto<\/h2>\n<p>Entre los favoritos hay algunos modelos que destacan por sus caracter\u00edsticas especiales:<\/p>\n<ol>\n<li><a href=\"\/?product_cat=thinkpad-t500-lenovo-notebook\" target=\"_blank\" rel=\"noopener\"><strong>Lenovo ThinkPad T500<\/strong><\/a>: Dise\u00f1o resistente, ideal para aplicaciones de oficina.<\/li>\n<li><a href=\"\/?product_cat=dell-xps-13\" target=\"_blank\" rel=\"noopener\"><strong>Dell XPS 13<\/strong><\/a>: Potente, ultraligero y perfecto para trabajar desde casa.<\/li>\n<li><a href=\"\/?product_cat=macbook-pro-13-2022\" target=\"_blank\" rel=\"noopener\"><strong>Apple MacBook Pro 13&#8243; (M2, 2022)<\/strong><\/a>: Rendimiento impresionante y una integraci\u00f3n de primera en el ecosistema de Apple.<\/li>\n<\/ol>\n<h2>Ventajas que aumentan tu productividad<\/h2>\n<p>Usar un port\u00e1til ideal para el trabajo te ofrece estas ventajas:<\/p>\n<ul>\n<li>Mayor velocidad de trabajo gracias a combinaciones de software y hardware mejor adaptadas<\/li>\n<li>Menos tiempos de inactividad gracias a una tecnolog\u00eda duradera<\/li>\n<li>M\u00e1s flexibilidad gracias a la movilidad y a la larga duraci\u00f3n de la bater\u00eda<\/li>\n<li>Colaboraci\u00f3n m\u00e1s sencilla gracias a potentes plataformas de comunicaci\u00f3n, software compatible y soluciones en la nube<\/li>\n<\/ul>\n<h2>Preguntas frecuentes (FAQ)<\/h2>\n<h3>\u00bfCu\u00e1nto deber\u00eda invertir una empresa en un port\u00e1til?<\/h3>\n<p>Dependiendo de lo que necesites, los costes de inversi\u00f3n por dispositivo suelen oscilar entre 1.000 \u20ac y 2.500 \u20ac. Para tareas especializadas o dise\u00f1os de gama alta, los precios pueden subir.<\/p>\n<h3>\u00bfBasta con un port\u00e1til de consumo m\u00e1s barato?<\/h3>\n<p>Para tareas sencillas de oficina y requisitos b\u00e1sicos, un port\u00e1til de consumo puede bastar. Sin embargo, si lo usas mucho o necesitas software espec\u00edfico, los port\u00e1tiles empresariales son m\u00e1s resistentes y eficientes a largo plazo.<\/p>\n<h3>\u00bfQu\u00e9 importancia tienen las opciones de garant\u00eda ampliada?<\/h3>\n<p>Las opciones de garant\u00eda ampliada te protegen de gastos inesperados y minimizan los tiempos de inactividad. Se recomiendan para las empresas, ya que garantizan la continuidad de las operaciones.<\/p>\n<h3>\u00bfSon los MacBook adecuados para empresas?<\/h3>\n<p>S\u00ed, sobre todo para profesiones creativas o relacionadas con el dise\u00f1o, as\u00ed como para empresas que usan macOS. Ofrecen un gran rendimiento y una buena integraci\u00f3n en el ecosistema de Apple.<\/p>\n<h2>Conclusi\u00f3n<\/h2>\n<p>La elecci\u00f3n del port\u00e1til empresarial adecuado debe hacerse de forma estrat\u00e9gica y adaptada a las necesidades de tu empresa.<br\/>Modelos como el <a href=\"\/?product_cat=thinkpad-t500-lenovo-notebook\" target=\"_blank\" rel=\"noopener\"><strong>Lenovo ThinkPad T500<\/strong><\/a>, el <a href=\"\/?product_cat=dell-xps-13\" target=\"_blank\" rel=\"noopener\"><strong>Dell XPS 13<\/strong><\/a> o el <a href=\"\/?product_cat=macbook-pro-13-2022\" target=\"_blank\" rel=\"noopener\"><strong>Apple MacBook Pro 13&#8243; (M2, 2022) <\/strong><\/a>son inversiones excelentes que te ofrecen durabilidad, seguridad y rendimiento.<\/p>\n<p>Independientemente del modelo, es fundamental prestar atenci\u00f3n a la calidad, el servicio y las opciones ampliables para estar a la altura de las exigencias t\u00e9cnicas del futuro. Si eliges bien, las empresas pueden optimizar su flujo de trabajo y aumentar la satisfacci\u00f3n de los empleados.<\/p>\n\n<div class=\"ShariffSC\" style=\"margin-top: -5px; margin-left:-4px;\"><div class=\"shariff shariff-align-left shariff-widget-align-left\"><div class=\"ShariffHeadline\"> <\/div><ul class=\"shariff-buttons theme-default orientation-horizontal buttonsize-small\"><li class=\"shariff-button facebook shariff-nocustomcolor\" style=\"background-color:#4273c8\"><a href=\"https:\/\/www.facebook.com\/sharer\/sharer.php?u=https%3A%2F%2Fget-it-easy.de%2Fes%2Fblog%2Flos-mejores-portatiles-para-empresas-ahora-puedes-alquilar-estos-modelos-con-total-flexibilidad%2F\" title=\"Compartir en Facebook\" aria-label=\"Compartir en Facebook\" role=\"button\" rel=\"nofollow\" class=\"shariff-link\" style=\"; background-color:#3b5998; color:#fff\" target=\"_blank\"><span class=\"shariff-icon\" style=\"\"><svg width=\"32px\" height=\"20px\" xmlns=\"http:\/\/www.w3.org\/2000\/svg\" viewBox=\"0 0 18 32\"><path fill=\"#3b5998\" d=\"M17.1 0.2v4.7h-2.8q-1.5 0-2.1 0.6t-0.5 1.9v3.4h5.2l-0.7 5.3h-4.5v13.6h-5.5v-13.6h-4.5v-5.3h4.5v-3.9q0-3.3 1.9-5.2t5-1.8q2.6 0 4.1 0.2z\"\/><\/svg><\/span><span class=\"shariff-text\">compartir<\/span>&nbsp;<\/a><\/li><li class=\"shariff-button whatsapp shariff-nocustomcolor\" style=\"background-color:#5cbe4a\"><a href=\"https:\/\/api.whatsapp.com\/send?text=https%3A%2F%2Fget-it-easy.de%2Fes%2Fblog%2Flos-mejores-portatiles-para-empresas-ahora-puedes-alquilar-estos-modelos-con-total-flexibilidad%2F%20Los%20mejores%20port%C3%A1tiles%20para%20empresas%3A%20ya%20puedes%20alquilar%20estos%20modelos%20con%20total%20flexibilidad\" title=\"Compartir en Whatsapp\" aria-label=\"Compartir en Whatsapp\" role=\"button\" rel=\"noopener nofollow\" class=\"shariff-link\" style=\"; background-color:#34af23; color:#fff\" target=\"_blank\"><span class=\"shariff-icon\" style=\"\"><svg width=\"32px\" height=\"20px\" xmlns=\"http:\/\/www.w3.org\/2000\/svg\" viewBox=\"0 0 32 32\"><path fill=\"#34af23\" d=\"M17.6 17.4q0.2 0 1.7 0.8t1.6 0.9q0 0.1 0 0.3 0 0.6-0.3 1.4-0.3 0.7-1.3 1.2t-1.8 0.5q-1 0-3.4-1.1-1.7-0.8-3-2.1t-2.6-3.3q-1.3-1.9-1.3-3.5v-0.1q0.1-1.6 1.3-2.8 0.4-0.4 0.9-0.4 0.1 0 0.3 0t0.3 0q0.3 0 0.5 0.1t0.3 0.5q0.1 0.4 0.6 1.6t0.4 1.3q0 0.4-0.6 1t-0.6 0.8q0 0.1 0.1 0.3 0.6 1.3 1.8 2.4 1 0.9 2.7 1.8 0.2 0.1 0.4 0.1 0.3 0 1-0.9t0.9-0.9zM14 26.9q2.3 0 4.3-0.9t3.6-2.4 2.4-3.6 0.9-4.3-0.9-4.3-2.4-3.6-3.6-2.4-4.3-0.9-4.3 0.9-3.6 2.4-2.4 3.6-0.9 4.3q0 3.6 2.1 6.6l-1.4 4.2 4.3-1.4q2.8 1.9 6.2 1.9zM14 2.2q2.7 0 5.2 1.1t4.3 2.9 2.9 4.3 1.1 5.2-1.1 5.2-2.9 4.3-4.3 2.9-5.2 1.1q-3.5 0-6.5-1.7l-7.4 2.4 2.4-7.2q-1.9-3.2-1.9-6.9 0-2.7 1.1-5.2t2.9-4.3 4.3-2.9 5.2-1.1z\"\/><\/svg><\/span><span class=\"shariff-text\">compartir<\/span>&nbsp;<\/a><\/li><li class=\"shariff-button mailto shariff-nocustomcolor\" style=\"background-color:#a8a8a8\"><a href=\"mailto:?body=https%3A%2F%2Fget-it-easy.de%2Fes%2Fblog%2Flos-mejores-portatiles-para-empresas-ahora-puedes-alquilar-estos-modelos-con-total-flexibilidad%2F&subject=Los%20mejores%20port%C3%A1tiles%20para%20empresas%3A%20ya%20puedes%20alquilar%20estos%20modelos%20con%20total%20flexibilidad\" title=\"Enviar por correo electr\u00f3nico\" aria-label=\"Enviar por correo electr\u00f3nico\" role=\"button\" rel=\"noopener nofollow\" class=\"shariff-link\" style=\"; background-color:#999; color:#fff\"><span class=\"shariff-icon\" style=\"\"><svg width=\"32px\" height=\"20px\" xmlns=\"http:\/\/www.w3.org\/2000\/svg\" viewBox=\"0 0 32 32\"><path fill=\"#999\" d=\"M32 12.7v14.2q0 1.2-0.8 2t-2 0.9h-26.3q-1.2 0-2-0.9t-0.8-2v-14.2q0.8 0.9 1.8 1.6 6.5 4.4 8.9 6.1 1 0.8 1.6 1.2t1.7 0.9 2 0.4h0.1q0.9 0 2-0.4t1.7-0.9 1.6-1.2q3-2.2 8.9-6.1 1-0.7 1.8-1.6zM32 7.4q0 1.4-0.9 2.7t-2.2 2.2q-6.7 4.7-8.4 5.8-0.2 0.1-0.7 0.5t-1 0.7-0.9 0.6-1.1 0.5-0.9 0.2h-0.1q-0.4 0-0.9-0.2t-1.1-0.5-0.9-0.6-1-0.7-0.7-0.5q-1.6-1.1-4.7-3.2t-3.6-2.6q-1.1-0.7-2.1-2t-1-2.5q0-1.4 0.7-2.3t2.1-0.9h26.3q1.2 0 2 0.8t0.9 2z\"\/><\/svg><\/span><span class=\"shariff-text\">correo<\/span>&nbsp;<\/a><\/li><\/ul><\/div><\/div>","protected":false},"excerpt":{"rendered":"<p>\u00a1Descubre los mejores port\u00e1tiles para tu empresa y alqu\u00edlalos con total flexibilidad! No te pierdas los mejores modelos de 2023.   #Port\u00e1tilesParaEmpresas<\/p>\n","protected":false},"author":16,"featured_media":78989,"comment_status":"closed","ping_status":"","sticky":false,"template":"","format":"standard","meta":{"_acf_changed":false,"footnotes":""},"categories":[866],"tags":[],"class_list":["post-79017","post","type-post","status-publish","format-standard","has-post-thumbnail","hentry","category-soluciones-de-alquiler-para-empresas"],"acf":[],"_links":{"self":[{"href":"https:\/\/get-it-easy.de\/es\/wp-json\/wp\/v2\/posts\/79017","targetHints":{"allow":["GET"]}}],"collection":[{"href":"https:\/\/get-it-easy.de\/es\/wp-json\/wp\/v2\/posts"}],"about":[{"href":"https:\/\/get-it-easy.de\/es\/wp-json\/wp\/v2\/types\/post"}],"author":[{"embeddable":true,"href":"https:\/\/get-it-easy.de\/es\/wp-json\/wp\/v2\/users\/16"}],"replies":[{"embeddable":true,"href":"https:\/\/get-it-easy.de\/es\/wp-json\/wp\/v2\/comments?post=79017"}],"version-history":[{"count":1,"href":"https:\/\/get-it-easy.de\/es\/wp-json\/wp\/v2\/posts\/79017\/revisions"}],"predecessor-version":[{"id":79018,"href":"https:\/\/get-it-easy.de\/es\/wp-json\/wp\/v2\/posts\/79017\/revisions\/79018"}],"wp:featuredmedia":[{"embeddable":true,"href":"https:\/\/get-it-easy.de\/es\/wp-json\/wp\/v2\/media\/78989"}],"wp:attachment":[{"href":"https:\/\/get-it-easy.de\/es\/wp-json\/wp\/v2\/media?parent=79017"}],"wp:term":[{"taxonomy":"category","embeddable":true,"href":"https:\/\/get-it-easy.de\/es\/wp-json\/wp\/v2\/categories?post=79017"},{"taxonomy":"post_tag","embeddable":true,"href":"https:\/\/get-it-easy.de\/es\/wp-json\/wp\/v2\/tags?post=79017"}],"curies":[{"name":"wp","href":"https:\/\/api.w.org\/{rel}","templated":true}]}}