{"id":79102,"date":"2024-07-02T11:06:58","date_gmt":"2024-07-02T09:06:58","guid":{"rendered":"https:\/\/get-it-easy.de\/blog\/proyector-para-actos-y-eventos\/"},"modified":"2026-09-01T10:48:12","modified_gmt":"2026-09-01T08:48:12","slug":"proyector-para-actos-y-eventos","status":"publish","type":"post","link":"https:\/\/get-it-easy.de\/es\/blog\/proyector-para-actos-y-eventos\/","title":{"rendered":"Proyectores para actos y eventos: la gran ventaja que pueden ofrecer los proyectores"},"content":{"rendered":"\n<p>Hoy en d\u00eda, los proyectores son herramientas imprescindibles para que tus eventos salgan bien. Ya sea en conferencias, bodas o grandes eventos con retransmisiones p\u00fablicas, contar con la tecnolog\u00eda de proyecci\u00f3n adecuada puede marcar la diferencia entre un evento bueno y uno espectacular. En este art\u00edculo te mostramos las ventajas de usar proyectores en eventos y c\u00f3mo pueden mejorar considerablemente la calidad y el impacto de tus eventos.<\/p>\n<h2>Por qu\u00e9 los proyectores son imprescindibles en los eventos<\/h2>\n<h3>Flexibilidad y versatilidad<\/h3>\n<p><a href=\"https:\/\/get-it-easy.de\/es\/alquiler\/mostrar\/proyector\/\">Los proyectores ofrecen<\/a> una flexibilidad y versatilidad extraordinarias que otras t\u00e9cnicas de presentaci\u00f3n no suelen alcanzar. Con un proyector puedes proyectar contenidos en distintas superficies, ya sea una pantalla, una pared o incluso objetos especiales como coches o edificios. Esta versatilidad permite utilizar los proyectores en los entornos m\u00e1s diversos y para los fines m\u00e1s variados, desde peque\u00f1as presentaciones de empresa hasta grandes eventos p\u00fablicos.<\/p>\n<h3>Alta calidad de imagen<\/h3>\n<p>Los proyectores modernos ofrecen una calidad de imagen impresionante, con resoluciones altas de hasta 4K y m\u00e1s. Esta alta resoluci\u00f3n garantiza que hasta los detalles m\u00e1s peque\u00f1os se vean n\u00edtidos y claros. Los proyectores demuestran todo su potencial sobre todo en grandes eventos, donde se necesitan pantallas de gran tama\u00f1o. Gracias a su alto brillo, medido en l\u00famenes ANSI, las im\u00e1genes proyectadas se ven bien incluso en entornos luminosos, lo que los hace ideales tanto para eventos en interiores como al aire libre.<\/p>\n<h3>Tipos de proyectores y sus aplicaciones<\/h3>\n<table>\n<thead>\n<tr>\n<th>Tipo de proyector<\/th>\n<th>Uso<\/th>\n<th>Ventajas<\/th>\n<\/tr>\n<\/thead>\n<tbody>\n<tr>\n<td>Proyector LCD<\/td>\n<td>Presentaciones, cursos de formaci\u00f3n<\/td>\n<td>Buena precisi\u00f3n de color, econ\u00f3mico<\/td>\n<\/tr>\n<tr>\n<td>Proyector DLP<\/td>\n<td>Cine, proyecciones p\u00fablicas<\/td>\n<td>Alto contraste, poco mantenimiento<\/td>\n<\/tr>\n<tr>\n<td>Proyector LED<\/td>\n<td>Uso prolongado, aplicaciones m\u00f3viles<\/td>\n<td>Larga vida \u00fatil, bajo consumo<\/td>\n<\/tr>\n<tr>\n<td>Proyector l\u00e1ser<\/td>\n<td>Grandes eventos, funcionamiento continuo<\/td>\n<td>Brillo muy alto, gran durabilidad<\/td>\n<\/tr>\n<\/tbody>\n<\/table>\n<p><strong>Proyector LCD<\/strong><\/p>\n<p>Los proyectores LCD son muy populares para presentaciones y cursos de formaci\u00f3n. Destacan por su buena precisi\u00f3n crom\u00e1tica y sus precios asequibles. Estos proyectores son ideales para usarlos en centros educativos y en entornos empresariales peque\u00f1os y medianos.<\/p>\n<p><strong>Proyector DLP<\/strong><\/p>\n<p>Los proyectores DLP se usan mucho en cines y en eventos de proyecci\u00f3n al aire libre. Su alto contraste y su bajo mantenimiento los hacen ideales para aplicaciones en las que la alta calidad de imagen y la fiabilidad son fundamentales\u200b\u200b.<\/p>\n<p><strong>Proyector LED<\/strong><\/p>\n<p>Los proyectores LED son conocidos por su larga vida \u00fatil y su eficiencia energ\u00e9tica. Son especialmente adecuados para usos m\u00f3viles y de larga duraci\u00f3n, ya que generan menos calor y no necesitan l\u00e1mparas de recambio.<\/p>\n<p><strong>Proyector l\u00e1ser<\/strong><\/p>\n<p>Los proyectores l\u00e1ser ofrecen el m\u00e1ximo brillo y son extremadamente duraderos, lo que los convierte en la opci\u00f3n perfecta para grandes eventos y para un uso continuado. Ofrecen una calidad de imagen excepcional y suelen ser la primera opci\u00f3n para los t\u00e9cnicos profesionales de eventos\u200b<\/p>\n<h3>Ventajas de usar proyectores en eventos<\/h3>\n<p><strong>Presentaciones impresionantes<\/strong><\/p>\n<p>Los proyectores permiten crear efectos visuales impresionantes que cautivan al p\u00fablico y refuerzan el mensaje de la presentaci\u00f3n. La posibilidad de proyectar v\u00eddeos en alta resoluci\u00f3n, gr\u00e1ficos detallados y contenidos din\u00e1micos convierte a los proyectores en una herramienta imprescindible para presentaciones y eventos de todo tipo\u200b\u200b\u200b\u200b.<\/p>\n<p><strong>F\u00e1cil de transportar y montar<\/strong><\/p>\n<p>Los proyectores modernos son ligeros y compactos, lo que facilita su transporte y montaje in situ. Adem\u00e1s, muchos modelos ofrecen opciones de conexi\u00f3n sencillas y est\u00e1n listos para usar en un santiam\u00e9n. Esto te ahorra un tiempo muy valioso y facilita mucho la preparaci\u00f3n y la celebraci\u00f3n de eventos\u200b\u200b\u200b\u200b.<\/p>\n<p><strong>Rentabilidad<\/strong><\/p>\n<p>En comparaci\u00f3n con otras t\u00e9cnicas de presentaci\u00f3n visual, como las grandes pantallas LED o los murales de v\u00eddeo, los proyectores suelen ser una alternativa m\u00e1s econ\u00f3mica. Ofrecen una gran flexibilidad y se pueden adaptar a las necesidades y presupuestos espec\u00edficos del evento. La posibilidad <a href=\"https:\/\/get-it-easy.de\/es\/alquiler\/mostrar\/proyector\/\">de alquilar proyectores<\/a> en lugar de comprarlos te ofrece ventajas econ\u00f3micas adicionales, sobre todo para eventos puntuales u ocasionales. Sobre todo si los combinas con una pantalla sencilla, que tambi\u00e9n puedes alquilar. Aunque necesites <a href=\"https:\/\/get-it-easy.de\/es\/alquiler\/accesorios\/\">accesorios adecuados<\/a> o dispositivos de reproducci\u00f3n como <a href=\"https:\/\/get-it-easy.de\/es\/alquiler\/ordenador\/portatil\/\">port\u00e1tiles<\/a>, puedes conseguirlos f\u00e1cilmente mediante el alquiler.<\/p>\n<h3>Consejos para elegir el proyector adecuado<\/h3>\n<p><strong>Intensidad luminosa y resoluci\u00f3n<\/strong><\/p>\n<p>La elecci\u00f3n del proyector adecuado depende en gran medida del brillo (medido en l\u00famenes ANSI) y de la resoluci\u00f3n. Para eventos grandes y entornos luminosos, lo ideal son los proyectores con una intensidad luminosa alta, de al menos 5000 l\u00famenes ANSI. Para presentaciones detalladas e im\u00e1genes n\u00edtidas, deber\u00edas elegir un proyector con una resoluci\u00f3n de al menos 1080p, o mejor a\u00fan, 4K\u200b\u200b\u200b\u200b.<\/p>\n<p><strong>Conectividad y compatibilidad<\/strong><\/p>\n<p>Un buen proyector deber\u00eda ofrecer diversas opciones de conexi\u00f3n, como HDMI, VGA, USB y conexiones inal\u00e1mbricas. As\u00ed te aseguras de poder conectar sin problemas distintos dispositivos, como port\u00e1tiles, tabletas y smartphones. La compatibilidad con distintos formatos multimedia y programas de presentaci\u00f3n tambi\u00e9n es un aspecto importante\u200b\u200b\u200b\u200b.<\/p>\n<p><strong>Nivel de ruido y refrigeraci\u00f3n<\/strong><\/p>\n<p>A la hora de elegir un proyector, tambi\u00e9n hay que tener en cuenta el nivel de ruido. Un funcionamiento silencioso es especialmente importante en conferencias y presentaciones, para minimizar las distracciones. Los proyectores modernos cuentan con sistemas de refrigeraci\u00f3n eficientes que mantienen bajo el nivel de ruido sin afectar al rendimiento\u200b\u200b\u200b\u200b.<\/p>\n<h3>Preguntas frecuentes<\/h3>\n<p><strong>\u00bfQu\u00e9 ventajas tiene un proyector frente a una pantalla LED?<\/strong><\/p>\n<p>Un proyector ofrece una superficie de proyecci\u00f3n m\u00e1s grande y m\u00e1s flexibilidad a la hora de colocarlo. Adem\u00e1s, los proyectores suelen ser m\u00e1s econ\u00f3micos y m\u00e1s f\u00e1ciles de transportar que las pantallas LED grandes.<\/p>\n<p><strong>\u00bfCu\u00e1ntos l\u00famenes deber\u00eda tener un proyector para un evento?<\/strong><\/p>\n<p>Para eventos en entornos luminosos o salas grandes, se recomiendan proyectores con al menos 5000 l\u00famenes ANSI. Para salas m\u00e1s peque\u00f1as y oscuras, tambi\u00e9n pueden bastar proyectores de entre 2000 y 3000 l\u00famenes ANSI.<\/p>\n<p><strong>\u00bfPuedo usar un proyector tambi\u00e9n al aire libre?<\/strong><\/p>\n<p>S\u00ed, muchos proyectores son aptos para usarlos al aire libre, sobre todo los que tienen una alta intensidad luminosa. Sin embargo, es importante tener en cuenta las condiciones meteorol\u00f3gicas y proteger el proyector como corresponde.<\/p>\n<h2>Conclusi\u00f3n<\/h2>\n<p>Los proyectores son herramientas potentes y vers\u00e1tiles que pueden aumentar considerablemente el \u00e9xito de tus eventos. Ofrecen una calidad de imagen impresionante, son f\u00e1ciles de manejar y proporcionan soluciones rentables para un mont\u00f3n de aplicaciones. Ya sea para reuniones peque\u00f1as o eventos a lo grande, con el proyector adecuado, tu evento se convertir\u00e1 en una experiencia inolvidable.<\/p>\n\n\t<section class=\"section\" id=\"section_342858249\">\n\t\t<div class=\"section-bg fill\" >\n\t\t\t\t\t\t\t\t\t\n\t\t\t\n\n\t\t<\/div>\n\n\t\t\n\n\t\t<div class=\"section-content relative\">\n\t\t\t\n\n<h2>Seguir leyendo<\/h2>\n\t<div id=\"gap-1481978795\" class=\"gap-element clearfix\" style=\"display:block; height:auto;\">\n\t\t\n<style>\n#gap-1481978795 {\n  padding-top: 10px;\n}\n<\/style>\n\t<\/div>\n\t\n\n\n  \n    <div class=\"row large-columns-3 medium-columns-1 small-columns-1 slider row-slider slider-nav-reveal slider-nav-push\"  data-flickity-options='{&quot;imagesLoaded&quot;: true, &quot;groupCells&quot;: &quot;100%&quot;, &quot;dragThreshold&quot; : 5, &quot;cellAlign&quot;: &quot;left&quot;,&quot;wrapAround&quot;: true,&quot;prevNextButtons&quot;: true,&quot;percentPosition&quot;: true,&quot;pageDots&quot;: false, &quot;rightToLeft&quot;: false, &quot;autoPlay&quot; : false}' >\n\n  <div class=\"col post-item\" >\n\t\t\t<div class=\"col-inner\">\n\t\t\t\t<div class=\"box box-normal box-text-bottom box-blog-post has-hover\">\n            \t\t\t\t\t<div class=\"box-image\" >\n  \t\t\t\t\t\t<div class=\"image-cover\" style=\"padding-top:56.25%;\">\n\t\t\t\t\t\t\t<a href=\"https:\/\/get-it-easy.de\/es\/blog\/cortinas-para-eventos\/\" class=\"plain\" aria-label=\"Pantallas para eventos y actos: c\u00f3mo el alquiler de pantallas puede dar un toque especial a tus eventos\">\n\t\t\t\t\t\t\t\t<img decoding=\"async\" width=\"420\" height=\"236\" src=\"https:\/\/get-it-easy.de\/wp-content\/uploads\/2024\/06\/leinwaendefuerevents-420x236.jpg\" class=\"attachment-medium size-medium wp-post-image\" alt=\"pantallas para eventos\" srcset=\"https:\/\/get-it-easy.de\/wp-content\/uploads\/2024\/06\/leinwaendefuerevents-420x236.jpg 420w, https:\/\/get-it-easy.de\/wp-content\/uploads\/2024\/06\/leinwaendefuerevents-768x432.jpg 768w, https:\/\/get-it-easy.de\/wp-content\/uploads\/2024\/06\/leinwaendefuerevents-1536x864.jpg 1536w, https:\/\/get-it-easy.de\/wp-content\/uploads\/2024\/06\/leinwaendefuerevents-600x338.jpg 600w, https:\/\/get-it-easy.de\/wp-content\/uploads\/2024\/06\/leinwaendefuerevents.jpg 1920w\" sizes=\"(max-width: 420px) 100vw, 420px\" title=\"\">\t\t\t\t\t\t\t<\/a>\n  \t\t\t\t\t\t\t  \t\t\t\t\t\t\t  \t\t\t\t\t\t<\/div>\n  \t\t\t\t\t\t  \t\t\t\t\t<\/div>\n          \t\t\t\t\t<div class=\"box-text text-center\" >\n\t\t\t\t\t<div class=\"box-text-inner blog-post-inner\">\n\n\t\t\t\t\t\n\t\t\t\t\t\t\t\t\t\t<h5 class=\"post-title is-large \">\n\t\t\t\t\t\t<a href=\"https:\/\/get-it-easy.de\/es\/blog\/cortinas-para-eventos\/\" class=\"plain\">Pantallas para eventos y actos: c\u00f3mo el alquiler de pantallas puede dar un toque especial a tus eventos<\/a>\n\t\t\t\t\t<\/h5>\n\t\t\t\t\t\t\t\t\t\t<div class=\"is-divider\"><\/div>\n\t\t\t\t\t\t\t\t\t\t<p class=\"from_the_blog_excerpt \">\n\t\t\t\t\t\tPantallas para eventos: proyecciones perfectas para tus eventos: \u00a1alqu\u00edlalas con total flexibilidad y haz presentaciones\t\t\t\t\t<\/p>\n\t\t\t\t\t                    \n\t\t\t\t\t\n\t\t\t\t\t\n\t\t\t\t\t<\/div>\n\t\t\t\t\t<\/div>\n\t\t\t\t\t\t\t\t\t\t\t\t\t\t\t\t<div class=\"badge absolute top post-date badge-outline\">\n\t\t\t\t\t\t\t<div class=\"badge-inner\">\n\t\t\t\t\t\t\t\t<span class=\"post-date-day\">18<\/span><br>\n\t\t\t\t\t\t\t\t<span class=\"post-date-month is-xsmall\">Jun<\/span>\n\t\t\t\t\t\t\t<\/div>\n\t\t\t\t\t\t<\/div>\n\t\t\t\t\t\t\t\t\t<\/div>\n\t\t\t<\/div>\n\t\t<\/div><div class=\"col post-item\" >\n\t\t\t<div class=\"col-inner\">\n\t\t\t\t<div class=\"box box-normal box-text-bottom box-blog-post has-hover\">\n            \t\t\t\t\t<div class=\"box-image\" >\n  \t\t\t\t\t\t<div class=\"image-cover\" style=\"padding-top:56.25%;\">\n\t\t\t\t\t\t\t<a href=\"https:\/\/get-it-easy.de\/es\/blog\/televisores-en-ferias\/\" class=\"plain\" aria-label=\"El papel de los televisores en ferias y eventos: innovaciones y tendencias en el punto de mira\">\n\t\t\t\t\t\t\t\t<img decoding=\"async\" width=\"420\" height=\"236\" src=\"https:\/\/get-it-easy.de\/wp-content\/uploads\/2024\/05\/fernseheraufmessen-420x236.jpg\" class=\"attachment-medium size-medium wp-post-image\" alt=\"televisores en ferias\" srcset=\"https:\/\/get-it-easy.de\/wp-content\/uploads\/2024\/05\/fernseheraufmessen-420x236.jpg 420w, https:\/\/get-it-easy.de\/wp-content\/uploads\/2024\/05\/fernseheraufmessen-768x432.jpg 768w, https:\/\/get-it-easy.de\/wp-content\/uploads\/2024\/05\/fernseheraufmessen-1536x864.jpg 1536w, https:\/\/get-it-easy.de\/wp-content\/uploads\/2024\/05\/fernseheraufmessen-600x338.jpg 600w, https:\/\/get-it-easy.de\/wp-content\/uploads\/2024\/05\/fernseheraufmessen.jpg 1920w\" sizes=\"(max-width: 420px) 100vw, 420px\" title=\"\">\t\t\t\t\t\t\t<\/a>\n  \t\t\t\t\t\t\t  \t\t\t\t\t\t\t  \t\t\t\t\t\t<\/div>\n  \t\t\t\t\t\t  \t\t\t\t\t<\/div>\n          \t\t\t\t\t<div class=\"box-text text-center\" >\n\t\t\t\t\t<div class=\"box-text-inner blog-post-inner\">\n\n\t\t\t\t\t\n\t\t\t\t\t\t\t\t\t\t<h5 class=\"post-title is-large \">\n\t\t\t\t\t\t<a href=\"https:\/\/get-it-easy.de\/es\/blog\/televisores-en-ferias\/\" class=\"plain\">El papel de los televisores en ferias y eventos: innovaciones y tendencias en el punto de mira<\/a>\n\t\t\t\t\t<\/h5>\n\t\t\t\t\t\t\t\t\t\t<div class=\"is-divider\"><\/div>\n\t\t\t\t\t\t\t\t\t\t<p class=\"from_the_blog_excerpt \">\n\t\t\t\t\t\tTelevisores en ferias: pantallas modernas para presentaciones impresionantes. \u00a1Alqu\u00edlalos con total flexibilidad y da una\t\t\t\t\t<\/p>\n\t\t\t\t\t                    \n\t\t\t\t\t\n\t\t\t\t\t\n\t\t\t\t\t<\/div>\n\t\t\t\t\t<\/div>\n\t\t\t\t\t\t\t\t\t\t\t\t\t\t\t\t<div class=\"badge absolute top post-date badge-outline\">\n\t\t\t\t\t\t\t<div class=\"badge-inner\">\n\t\t\t\t\t\t\t\t<span class=\"post-date-day\">31<\/span><br>\n\t\t\t\t\t\t\t\t<span class=\"post-date-month is-xsmall\">May<\/span>\n\t\t\t\t\t\t\t<\/div>\n\t\t\t\t\t\t<\/div>\n\t\t\t\t\t\t\t\t\t<\/div>\n\t\t\t<\/div>\n\t\t<\/div><div class=\"col post-item\" >\n\t\t\t<div class=\"col-inner\">\n\t\t\t\t<div class=\"box box-normal box-text-bottom box-blog-post has-hover\">\n            \t\t\t\t\t<div class=\"box-image\" >\n  \t\t\t\t\t\t<div class=\"image-cover\" style=\"padding-top:56.25%;\">\n\t\t\t\t\t\t\t<a href=\"https:\/\/get-it-easy.de\/es\/blog\/proyectores-en-el-ambito-educativo\/\" class=\"plain\" aria-label=\"Proyectores en el \u00e1mbito educativo: herramientas eficaces para la ense\u00f1anza\">\n\t\t\t\t\t\t\t\t<img decoding=\"async\" width=\"420\" height=\"236\" src=\"https:\/\/get-it-easy.de\/wp-content\/uploads\/2024\/05\/beamer-im-bildungsbereich-420x236.jpg\" class=\"attachment-medium size-medium wp-post-image\" alt=\"proyectores en el \u00e1mbito educativo\" srcset=\"https:\/\/get-it-easy.de\/wp-content\/uploads\/2024\/05\/beamer-im-bildungsbereich-420x236.jpg 420w, https:\/\/get-it-easy.de\/wp-content\/uploads\/2024\/05\/beamer-im-bildungsbereich-768x432.jpg 768w, https:\/\/get-it-easy.de\/wp-content\/uploads\/2024\/05\/beamer-im-bildungsbereich-1536x864.jpg 1536w, https:\/\/get-it-easy.de\/wp-content\/uploads\/2024\/05\/beamer-im-bildungsbereich-600x338.jpg 600w, https:\/\/get-it-easy.de\/wp-content\/uploads\/2024\/05\/beamer-im-bildungsbereich.jpg 1920w\" sizes=\"(max-width: 420px) 100vw, 420px\" title=\"\">\t\t\t\t\t\t\t<\/a>\n  \t\t\t\t\t\t\t  \t\t\t\t\t\t\t  \t\t\t\t\t\t<\/div>\n  \t\t\t\t\t\t  \t\t\t\t\t<\/div>\n          \t\t\t\t\t<div class=\"box-text text-center\" >\n\t\t\t\t\t<div class=\"box-text-inner blog-post-inner\">\n\n\t\t\t\t\t\n\t\t\t\t\t\t\t\t\t\t<h5 class=\"post-title is-large \">\n\t\t\t\t\t\t<a href=\"https:\/\/get-it-easy.de\/es\/blog\/proyectores-en-el-ambito-educativo\/\" class=\"plain\">Proyectores en el \u00e1mbito educativo: herramientas eficaces para la ense\u00f1anza<\/a>\n\t\t\t\t\t<\/h5>\n\t\t\t\t\t\t\t\t\t\t<div class=\"is-divider\"><\/div>\n\t\t\t\t\t\t\t\t\t\t<p class=\"from_the_blog_excerpt \">\n\t\t\t\t\t\tProyectores en el \u00e1mbito educativo: aprendizaje interactivo con tecnolog\u00eda de proyecci\u00f3n moderna: \u00a1alqu\u00edlalos con flexibilidad\t\t\t\t\t<\/p>\n\t\t\t\t\t                    \n\t\t\t\t\t\n\t\t\t\t\t\n\t\t\t\t\t<\/div>\n\t\t\t\t\t<\/div>\n\t\t\t\t\t\t\t\t\t\t\t\t\t\t\t\t<div class=\"badge absolute top post-date badge-outline\">\n\t\t\t\t\t\t\t<div class=\"badge-inner\">\n\t\t\t\t\t\t\t\t<span class=\"post-date-day\">14<\/span><br>\n\t\t\t\t\t\t\t\t<span class=\"post-date-month is-xsmall\">May<\/span>\n\t\t\t\t\t\t\t<\/div>\n\t\t\t\t\t\t<\/div>\n\t\t\t\t\t\t\t\t\t<\/div>\n\t\t\t<\/div>\n\t\t<\/div><\/div>\n\n\t<div id=\"text-2230851810\" class=\"text\">\n\t\t\n\n<h3><span style=\"font-size: 90%\">Enlaces de inter\u00e9s<\/span><\/h3>\n<p><a href=\"https:\/\/get-it-easy.de\/es\/alquiler\/mostrar\/proyector\/\">Alquilar proyectores<\/a><\/p>\n<p><a href=\"https:\/\/get-it-easy.de\/es\/alquiler\/accesorios\/\">Alquiler de accesorios<\/a><\/p>\n<p><a href=\"https:\/\/get-it-easy.de\/es\/alquiler\/ordenador\/portatil\/\">Alquiler de port\u00e1tiles<\/a><\/p>\n\t\t\n<style>\n#text-2230851810 {\n  line-height: 1.2;\n}\n<\/style>\n\t<\/div>\n\t\n\n\t\t<\/div>\n\n\t\t\n<style>\n#section_342858249 {\n  padding-top: 30px;\n  padding-bottom: 30px;\n}\n<\/style>\n\t<\/section>\n\t\n\n<div class=\"ShariffSC\" style=\"margin-top: -5px; margin-left:-4px;\"><div class=\"shariff shariff-align-left shariff-widget-align-left\"><div class=\"ShariffHeadline\"> <\/div><ul class=\"shariff-buttons theme-default orientation-horizontal buttonsize-small\"><li class=\"shariff-button facebook shariff-nocustomcolor\" style=\"background-color:#4273c8\"><a href=\"https:\/\/www.facebook.com\/sharer\/sharer.php?u=https%3A%2F%2Fget-it-easy.de%2Fes%2Fblog%2Fproyectores-en-el-ambito-educativo%2F\" title=\"Compartir en Facebook\" aria-label=\"Compartir en Facebook\" role=\"button\" rel=\"nofollow\" class=\"shariff-link\" style=\"; background-color:#3b5998; color:#fff\" target=\"_blank\"><span class=\"shariff-icon\" style=\"\"><svg width=\"32px\" height=\"20px\" xmlns=\"http:\/\/www.w3.org\/2000\/svg\" viewBox=\"0 0 18 32\"><path fill=\"#3b5998\" d=\"M17.1 0.2v4.7h-2.8q-1.5 0-2.1 0.6t-0.5 1.9v3.4h5.2l-0.7 5.3h-4.5v13.6h-5.5v-13.6h-4.5v-5.3h4.5v-3.9q0-3.3 1.9-5.2t5-1.8q2.6 0 4.1 0.2z\"\/><\/svg><\/span><span class=\"shariff-text\">compartir<\/span>&nbsp;<\/a><\/li><li class=\"shariff-button whatsapp shariff-nocustomcolor\" style=\"background-color:#5cbe4a\"><a href=\"https:\/\/api.whatsapp.com\/send?text=https%3A%2F%2Fget-it-easy.de%2Fes%2Fblog%2Fproyectores-en-el-ambito-educativo%2F%20Proyectores%20en%20el%20%C3%A1mbito%20educativo%3A%20herramientas%20eficaces%20para%20la%20ense%C3%B1anza\" title=\"Compartir en Whatsapp\" aria-label=\"Compartir en Whatsapp\" role=\"button\" rel=\"noopener nofollow\" class=\"shariff-link\" style=\"; background-color:#34af23; color:#fff\" target=\"_blank\"><span class=\"shariff-icon\" style=\"\"><svg width=\"32px\" height=\"20px\" xmlns=\"http:\/\/www.w3.org\/2000\/svg\" viewBox=\"0 0 32 32\"><path fill=\"#34af23\" d=\"M17.6 17.4q0.2 0 1.7 0.8t1.6 0.9q0 0.1 0 0.3 0 0.6-0.3 1.4-0.3 0.7-1.3 1.2t-1.8 0.5q-1 0-3.4-1.1-1.7-0.8-3-2.1t-2.6-3.3q-1.3-1.9-1.3-3.5v-0.1q0.1-1.6 1.3-2.8 0.4-0.4 0.9-0.4 0.1 0 0.3 0t0.3 0q0.3 0 0.5 0.1t0.3 0.5q0.1 0.4 0.6 1.6t0.4 1.3q0 0.4-0.6 1t-0.6 0.8q0 0.1 0.1 0.3 0.6 1.3 1.8 2.4 1 0.9 2.7 1.8 0.2 0.1 0.4 0.1 0.3 0 1-0.9t0.9-0.9zM14 26.9q2.3 0 4.3-0.9t3.6-2.4 2.4-3.6 0.9-4.3-0.9-4.3-2.4-3.6-3.6-2.4-4.3-0.9-4.3 0.9-3.6 2.4-2.4 3.6-0.9 4.3q0 3.6 2.1 6.6l-1.4 4.2 4.3-1.4q2.8 1.9 6.2 1.9zM14 2.2q2.7 0 5.2 1.1t4.3 2.9 2.9 4.3 1.1 5.2-1.1 5.2-2.9 4.3-4.3 2.9-5.2 1.1q-3.5 0-6.5-1.7l-7.4 2.4 2.4-7.2q-1.9-3.2-1.9-6.9 0-2.7 1.1-5.2t2.9-4.3 4.3-2.9 5.2-1.1z\"\/><\/svg><\/span><span class=\"shariff-text\">compartir<\/span>&nbsp;<\/a><\/li><li class=\"shariff-button mailto shariff-nocustomcolor\" style=\"background-color:#a8a8a8\"><a href=\"mailto:?body=https%3A%2F%2Fget-it-easy.de%2Fes%2Fblog%2Fproyectores-en-el-ambito-educativo%2F&subject=Proyectores%20en%20el%20%C3%A1mbito%20educativo%3A%20herramientas%20eficaces%20para%20la%20ense%C3%B1anza\" title=\"Enviar por correo electr\u00f3nico\" aria-label=\"Enviar por correo electr\u00f3nico\" role=\"button\" rel=\"noopener nofollow\" class=\"shariff-link\" style=\"; background-color:#999; color:#fff\"><span class=\"shariff-icon\" style=\"\"><svg width=\"32px\" height=\"20px\" xmlns=\"http:\/\/www.w3.org\/2000\/svg\" viewBox=\"0 0 32 32\"><path fill=\"#999\" d=\"M32 12.7v14.2q0 1.2-0.8 2t-2 0.9h-26.3q-1.2 0-2-0.9t-0.8-2v-14.2q0.8 0.9 1.8 1.6 6.5 4.4 8.9 6.1 1 0.8 1.6 1.2t1.7 0.9 2 0.4h0.1q0.9 0 2-0.4t1.7-0.9 1.6-1.2q3-2.2 8.9-6.1 1-0.7 1.8-1.6zM32 7.4q0 1.4-0.9 2.7t-2.2 2.2q-6.7 4.7-8.4 5.8-0.2 0.1-0.7 0.5t-1 0.7-0.9 0.6-1.1 0.5-0.9 0.2h-0.1q-0.4 0-0.9-0.2t-1.1-0.5-0.9-0.6-1-0.7-0.7-0.5q-1.6-1.1-4.7-3.2t-3.6-2.6q-1.1-0.7-2.1-2t-1-2.5q0-1.4 0.7-2.3t2.1-0.9h26.3q1.2 0 2 0.8t0.9 2z\"\/><\/svg><\/span><span class=\"shariff-text\">correo<\/span>&nbsp;<\/a><\/li><\/ul><\/div><\/div>","protected":false},"excerpt":{"rendered":"<p>Proyectores para actos y eventos: \u00a1alquila equipos de proyecci\u00f3n de alta potencia para hacer presentaciones impresionantes!<\/p>\n","protected":false},"author":1,"featured_media":79090,"comment_status":"closed","ping_status":"","sticky":false,"template":"","format":"standard","meta":{"_acf_changed":false,"footnotes":""},"categories":[867],"tags":[],"class_list":["post-79102","post","type-post","status-publish","format-standard","has-post-thumbnail","hentry","category-guia-practica"],"acf":[],"_links":{"self":[{"href":"https:\/\/get-it-easy.de\/es\/wp-json\/wp\/v2\/posts\/79102","targetHints":{"allow":["GET"]}}],"collection":[{"href":"https:\/\/get-it-easy.de\/es\/wp-json\/wp\/v2\/posts"}],"about":[{"href":"https:\/\/get-it-easy.de\/es\/wp-json\/wp\/v2\/types\/post"}],"author":[{"embeddable":true,"href":"https:\/\/get-it-easy.de\/es\/wp-json\/wp\/v2\/users\/1"}],"replies":[{"embeddable":true,"href":"https:\/\/get-it-easy.de\/es\/wp-json\/wp\/v2\/comments?post=79102"}],"version-history":[{"count":1,"href":"https:\/\/get-it-easy.de\/es\/wp-json\/wp\/v2\/posts\/79102\/revisions"}],"predecessor-version":[{"id":79103,"href":"https:\/\/get-it-easy.de\/es\/wp-json\/wp\/v2\/posts\/79102\/revisions\/79103"}],"wp:featuredmedia":[{"embeddable":true,"href":"https:\/\/get-it-easy.de\/es\/wp-json\/wp\/v2\/media\/79090"}],"wp:attachment":[{"href":"https:\/\/get-it-easy.de\/es\/wp-json\/wp\/v2\/media?parent=79102"}],"wp:term":[{"taxonomy":"category","embeddable":true,"href":"https:\/\/get-it-easy.de\/es\/wp-json\/wp\/v2\/categories?post=79102"},{"taxonomy":"post_tag","embeddable":true,"href":"https:\/\/get-it-easy.de\/es\/wp-json\/wp\/v2\/tags?post=79102"}],"curies":[{"name":"wp","href":"https:\/\/api.w.org\/{rel}","templated":true}]}}