{"id":79118,"date":"2024-06-18T11:37:09","date_gmt":"2024-06-18T09:37:09","guid":{"rendered":"https:\/\/get-it-easy.de\/blog\/cortinas-para-eventos\/"},"modified":"2026-09-01T10:50:41","modified_gmt":"2026-09-01T08:50:41","slug":"cortinas-para-eventos","status":"publish","type":"post","link":"https:\/\/get-it-easy.de\/es\/blog\/cortinas-para-eventos\/","title":{"rendered":"Pantallas para eventos y actos: c\u00f3mo el alquiler de pantallas puede dar un toque especial a tus eventos"},"content":{"rendered":"\n<p>A la hora de organizar un evento, ya sea una conferencia de empresa, una boda o un festival de m\u00fasica, es fundamental crear una experiencia visualmente atractiva. Las pantallas para eventos son una forma de conseguirlo. Una opci\u00f3n es alquilar pantallas. Las pantallas de alquiler pueden transformar cualquier espacio y garantizar que todos los asistentes tengan una visi\u00f3n clara de las presentaciones, los v\u00eddeos y las retransmisiones en directo. En este art\u00edculo vamos a analizar las ventajas de alquilar pantallas para eventos y c\u00f3mo pueden mejorar tu experiencia en el evento.<\/p>\n<h2><strong>Ventajas de las pantallas de alquiler para eventos<\/strong><\/h2>\n<p><strong>Flexibilidad y capacidad de adaptaci\u00f3n<\/strong><\/p>\n<p>Las pantallas de alquiler ofrecen una gran flexibilidad y adaptabilidad. Est\u00e1n disponibles en distintos tama\u00f1os y formatos, por lo que se pueden adaptar a las necesidades espec\u00edficas de tu evento. Tanto si organizas una boda peque\u00f1a e \u00edntima como una gran conferencia, siempre hay una soluci\u00f3n de pantalla adecuada.<\/p>\n<p><strong>Ahorro de costes<\/strong><\/p>\n<p>Alquilar pantallas sale m\u00e1s barato que comprarlas. El alquiler es una opci\u00f3n econ\u00f3micamente sensata, sobre todo para eventos puntuales o poco frecuentes. Te ahorra los elevados costes de adquisici\u00f3n y la necesidad de almacenar y mantener el equipo.<\/p>\n<p><strong>Asistencia t\u00e9cnica e instalaci\u00f3n<\/strong><\/p>\n<p>Otra ventaja del alquiler es el servicio t\u00e9cnico, que suele estar incluido en el precio. Los proveedores profesionales no solo te ofrecen las pantallas, sino tambi\u00e9n el <a href=\"https:\/\/get-it-easy.de\/es\/alquiler\/accesorios\/\">equipo necesario<\/a> y ayuda con la instalaci\u00f3n y el funcionamiento. As\u00ed te aseguras de que tu evento salga a la perfecci\u00f3n.<\/p>\n<h3><strong>Posibilidades de uso de las pantallas de alquiler<\/strong><\/h3>\n<p><strong>Eventos de empresa<\/strong><\/p>\n<p>En eventos de empresa como conferencias, seminarios y talleres, las pantallas son imprescindibles. Permiten transmitir presentaciones e informaci\u00f3n importante de forma clara y n\u00edtida. Tambi\u00e9n en presentaciones de productos y ferias, las pantallas pueden ayudarte a comunicar tu mensaje de forma eficaz.<\/p>\n<p><strong>Bodas y fiestas privadas<\/strong><\/p>\n<p>Las pantallas de alquiler tambi\u00e9n pueden ser muy \u00fatiles en bodas y otras celebraciones privadas. Son ideales para proyecciones de diapositivas, presentaciones en v\u00eddeo y retransmisiones en directo, que entretienen a los invitados y capturan momentos especiales.<\/p>\n<p><strong>Eventos culturales y p\u00fablicos<\/strong><\/p>\n<p>En eventos culturales y p\u00fablicos, como conciertos, proyecciones de pel\u00edculas y eventos deportivos, las pantallas garantizan que todos los espectadores tengan una buena visi\u00f3n. Tambi\u00e9n se pueden usar con fines publicitarios para dar a conocer a los patrocinadores y socios.<\/p>\n<table>\n<thead>\n<tr>\n<th>Criterios<\/th>\n<th>Alquileres<\/th>\n<th>Comprar<\/th>\n<\/tr>\n<\/thead>\n<\/table>\n<div>\n<table>\n<tbody>\n<tr>\n<td>Costes<\/td>\n<td>Costes iniciales m\u00e1s bajos, sin gastos de mantenimiento<\/td>\n<td>Altos costes iniciales, costes de mantenimiento adicionales<\/td>\n<\/tr>\n<\/tbody>\n<\/table>\n<\/div>\n<div>\n<table>\n<tbody>\n<tr>\n<td>Flexibilidad<\/td>\n<td>Gran flexibilidad, se adapta a distintos eventos<\/td>\n<td>Flexibilidad limitada, ideal para un uso frecuente<\/td>\n<\/tr>\n<\/tbody>\n<\/table>\n<\/div>\n<div>\n<table>\n<tbody>\n<tr>\n<td>Soporte t\u00e9cnico<\/td>\n<td>Incluido<\/td>\n<td>No incluido, coste adicional<\/td>\n<\/tr>\n<\/tbody>\n<\/table>\n<\/div>\n<div>\n<table>\n<tbody>\n<tr>\n<td>Almacenamiento<\/td>\n<td>No es necesario<\/td>\n<td>Necesario<\/td>\n<\/tr>\n<\/tbody>\n<\/table>\n<\/div>\n<h3><strong>C\u00f3mo elegir la pantalla de alquiler adecuada<\/strong><\/h3>\n<p><strong>Tama\u00f1o y resoluci\u00f3n<\/strong><\/p>\n<p>La elecci\u00f3n del tama\u00f1o y la resoluci\u00f3n adecuados para tu pantalla de alquiler depende del tama\u00f1o y el tipo de evento que organices. Para grandes conferencias o conciertos, se necesitan pantallas m\u00e1s grandes y de alta resoluci\u00f3n para garantizar que todos los asistentes vean im\u00e1genes n\u00edtidas y claras. En eventos m\u00e1s peque\u00f1os e \u00edntimos, puede bastar con una pantalla m\u00e1s peque\u00f1a.<\/p>\n<p><strong>Ubicaci\u00f3n y lugar de instalaci\u00f3n<\/strong><\/p>\n<p>Ten en cuenta la ubicaci\u00f3n y el lugar donde se va a instalar la pantalla. Los eventos en interiores y al aire libre requieren pantallas diferentes, ya que influyen factores como la iluminaci\u00f3n y las condiciones meteorol\u00f3gicas. Elige una pantalla que se adapte tanto funcional como est\u00e9ticamente al lugar del evento.<\/p>\n<h3><strong>Consejos para integrar con \u00e9xito las pantallas en tu evento<\/strong><\/h3>\n<p><strong>Planificaci\u00f3n con antelaci\u00f3n<\/strong><\/p>\n<p>Empieza con tiempo a planificar y reservar tu pantalla de alquiler. Sobre todo en eventos grandes o fechas muy solicitadas, es importante reservar con antelaci\u00f3n para asegurarte de que haya disponibilidad.<\/p>\n<p><strong>Colaboraci\u00f3n con profesionales<\/strong><\/p>\n<p>Colabora estrechamente con proveedores profesionales. Estos expertos no solo pueden ayudarte a elegir la pantalla adecuada, sino tambi\u00e9n a instalarla y ofrecerte asistencia t\u00e9cnica durante el evento.<\/p>\n<p><strong>Pruebas y ensayos<\/strong><\/p>\n<p>Antes del evento, haz pruebas y ensayos para asegurarte de que todo funcione a la perfecci\u00f3n. Comprueba la calidad de la imagen y el sonido, as\u00ed como la compatibilidad del equipo t\u00e9cnico.<\/p>\n<h3><strong>Consejos importantes para elegir el <a href=\"https:\/\/get-it-easy.de\/es\/alquiler\/mostrar\/proyector\/\">proyector adecuado<\/a><\/strong><\/h3>\n<p><strong>Informaci\u00f3n y preparaci\u00f3n<\/strong><\/p>\n<p>Antes de alquilar una pantalla, es importante que te informes bien sobre los proyectores que quieres usar junto con ella. Elegir el proyector adecuado es clave para la calidad de la imagen y el \u00e9xito general de tu evento. Sobre todo en entornos muy iluminados, como suele ocurrir en los eventos a plena luz del d\u00eda, puede haber problemas para ver bien los contenidos.<\/p>\n<p><strong>Brillo y contraste<\/strong><\/p>\n<p>Aseg\u00farate de que el proyector tenga suficiente brillo (medido en l\u00famenes) y un alto contraste para garantizar la calidad de la imagen. Un proyector con muchos l\u00famenes es capaz de proyectar im\u00e1genes n\u00edtidas y bien visibles incluso en entornos muy luminosos. Echa un vistazo a las especificaciones t\u00e9cnicas y compara diferentes modelos para encontrar el proyector que mejor se adapte a tus necesidades. Si no, siempre queda la opci\u00f3n<a href=\"https:\/\/get-it-easy.de\/es\/alquiler\/mostrar\/monitores\/\"> de alquilar televisores a modo de pantallas grandes<\/a>, que suelen ser m\u00e1s f\u00e1ciles de usar incluso con mucha luz.  <\/p>\n<p><strong>Prueba antes del evento<\/strong><\/p>\n<p>Es recomendable probar el proyector antes del evento para asegurarte de que la proyecci\u00f3n funciona en las condiciones de iluminaci\u00f3n reales. As\u00ed podr\u00e1s hacer los ajustes necesarios y garantizar que tus presentaciones y contenidos se vean con claridad.<\/p>\n<p>Con una preparaci\u00f3n minuciosa y la elecci\u00f3n de un proyector adecuado, te aseguras de que tu evento sea todo un \u00e9xito y de que tus contenidos se presenten de la mejor manera posible.<\/p>\n<h3><strong>Ventajas ecol\u00f3gicas de alquilar pantallas<\/strong><\/h3>\n<p><strong>Sostenibilidad y uso responsable de los recursos<\/strong><\/p>\n<p>Alquilar pantallas para eventos no solo es rentable, sino tambi\u00e9n respetuoso con el medio ambiente. En lugar de comprar una pantalla que quiz\u00e1 solo uses de vez en cuando y que la mayor parte del tiempo est\u00e9 guardada en alg\u00fan sitio sin montar, ocupando espacio. Adem\u00e1s, al alquilarla, ahorras los recursos necesarios para su fabricaci\u00f3n y almacenamiento. Las empresas de alquiler reutilizan su equipo varias veces, lo que reduce la necesidad de fabricar productos nuevos. Adem\u00e1s, muchos proveedores ofrecen modelos eficientes desde el punto de vista energ\u00e9tico que minimizan el consumo de electricidad durante tu evento. Al alquilar pantallas, contribuyes as\u00ed a que tu evento sea m\u00e1s sostenible y respetuoso con el medio ambiente.<\/p>\n<h2><strong>Preguntas frecuentes<\/strong><\/h2>\n<ol>\n <li><strong> \u00bfPor qu\u00e9 deber\u00eda alquilar una pantalla para mi evento?<\/strong> Las pantallas de alquiler<strong> te<\/strong> ofrecen flexibilidad, alta calidad de imagen y asistencia t\u00e9cnica, sin tener que asumir los elevados costes de compra.<\/li>\n<li><strong> \u00bfC\u00f3mo elijo el tama\u00f1o adecuado de la pantalla?<\/strong> El tama\u00f1o de la pantalla debe depender del tama\u00f1o del lugar del evento y del n\u00famero de asistentes. Los eventos m\u00e1s grandes requieren pantallas m\u00e1s grandes.<\/li>\n<\/ol>\n<h3><strong>Conclusi\u00f3n<\/strong><\/h3>\n<p>Alquilar pantallas puede mejorar considerablemente tus eventos, ya que garantizan una proyecci\u00f3n n\u00edtida y de alta calidad, adem\u00e1s de ofrecer asistencia t\u00e9cnica. Con una buena planificaci\u00f3n y elecci\u00f3n, las pantallas de alquiler pueden ser una soluci\u00f3n econ\u00f3mica y eficaz para todo tipo de eventos. Aprovecha la flexibilidad y la calidad de las pantallas de alquiler para convertir tu pr\u00f3ximo evento en una experiencia inolvidable.<\/p>\n<p> <\/p>\n\n\t<section class=\"section\" id=\"section_915486501\">\n\t\t<div class=\"section-bg fill\" >\n\t\t\t\t\t\t\t\t\t\n\t\t\t\n\n\t\t<\/div>\n\n\t\t\n\n\t\t<div class=\"section-content relative\">\n\t\t\t\n\n<h2>Seguir leyendo<\/h2>\n\t<div id=\"gap-1643176337\" class=\"gap-element clearfix\" style=\"display:block; height:auto;\">\n\t\t\n<style>\n#gap-1643176337 {\n  padding-top: 10px;\n}\n<\/style>\n\t<\/div>\n\t\n\n\n  \n    <div class=\"row large-columns-3 medium-columns-1 small-columns-1 slider row-slider slider-nav-reveal slider-nav-push\"  data-flickity-options='{&quot;imagesLoaded&quot;: true, &quot;groupCells&quot;: &quot;100%&quot;, &quot;dragThreshold&quot; : 5, &quot;cellAlign&quot;: &quot;left&quot;,&quot;wrapAround&quot;: true,&quot;prevNextButtons&quot;: true,&quot;percentPosition&quot;: true,&quot;pageDots&quot;: false, &quot;rightToLeft&quot;: false, &quot;autoPlay&quot; : false}' >\n\n  <div class=\"col post-item\" >\n\t\t\t<div class=\"col-inner\">\n\t\t\t\t<div class=\"box box-normal box-text-bottom box-blog-post has-hover\">\n            \t\t\t\t\t<div class=\"box-image\" >\n  \t\t\t\t\t\t<div class=\"image-cover\" style=\"padding-top:56.25%;\">\n\t\t\t\t\t\t\t<a href=\"https:\/\/get-it-easy.de\/es\/blog\/televisores-en-ferias\/\" class=\"plain\" aria-label=\"El papel de los televisores en ferias y eventos: innovaciones y tendencias en el punto de mira\">\n\t\t\t\t\t\t\t\t<img decoding=\"async\" width=\"420\" height=\"236\" src=\"https:\/\/get-it-easy.de\/wp-content\/uploads\/2024\/05\/fernseheraufmessen-420x236.jpg\" class=\"attachment-medium size-medium wp-post-image\" alt=\"televisores en ferias\" srcset=\"https:\/\/get-it-easy.de\/wp-content\/uploads\/2024\/05\/fernseheraufmessen-420x236.jpg 420w, https:\/\/get-it-easy.de\/wp-content\/uploads\/2024\/05\/fernseheraufmessen-768x432.jpg 768w, https:\/\/get-it-easy.de\/wp-content\/uploads\/2024\/05\/fernseheraufmessen-1536x864.jpg 1536w, https:\/\/get-it-easy.de\/wp-content\/uploads\/2024\/05\/fernseheraufmessen-600x338.jpg 600w, https:\/\/get-it-easy.de\/wp-content\/uploads\/2024\/05\/fernseheraufmessen.jpg 1920w\" sizes=\"(max-width: 420px) 100vw, 420px\" title=\"\">\t\t\t\t\t\t\t<\/a>\n  \t\t\t\t\t\t\t  \t\t\t\t\t\t\t  \t\t\t\t\t\t<\/div>\n  \t\t\t\t\t\t  \t\t\t\t\t<\/div>\n          \t\t\t\t\t<div class=\"box-text text-center\" >\n\t\t\t\t\t<div class=\"box-text-inner blog-post-inner\">\n\n\t\t\t\t\t\n\t\t\t\t\t\t\t\t\t\t<h5 class=\"post-title is-large \">\n\t\t\t\t\t\t<a href=\"https:\/\/get-it-easy.de\/es\/blog\/televisores-en-ferias\/\" class=\"plain\">El papel de los televisores en ferias y eventos: innovaciones y tendencias en el punto de mira<\/a>\n\t\t\t\t\t<\/h5>\n\t\t\t\t\t\t\t\t\t\t<div class=\"is-divider\"><\/div>\n\t\t\t\t\t\t\t\t\t\t<p class=\"from_the_blog_excerpt \">\n\t\t\t\t\t\tTelevisores en ferias: pantallas modernas para presentaciones impresionantes. \u00a1Alqu\u00edlalos con total flexibilidad y da una\t\t\t\t\t<\/p>\n\t\t\t\t\t                    \n\t\t\t\t\t\n\t\t\t\t\t\n\t\t\t\t\t<\/div>\n\t\t\t\t\t<\/div>\n\t\t\t\t\t\t\t\t\t\t\t\t\t\t\t\t<div class=\"badge absolute top post-date badge-outline\">\n\t\t\t\t\t\t\t<div class=\"badge-inner\">\n\t\t\t\t\t\t\t\t<span class=\"post-date-day\">31<\/span><br>\n\t\t\t\t\t\t\t\t<span class=\"post-date-month is-xsmall\">May<\/span>\n\t\t\t\t\t\t\t<\/div>\n\t\t\t\t\t\t<\/div>\n\t\t\t\t\t\t\t\t\t<\/div>\n\t\t\t<\/div>\n\t\t<\/div><div class=\"col post-item\" >\n\t\t\t<div class=\"col-inner\">\n\t\t\t\t<div class=\"box box-normal box-text-bottom box-blog-post has-hover\">\n            \t\t\t\t\t<div class=\"box-image\" >\n  \t\t\t\t\t\t<div class=\"image-cover\" style=\"padding-top:56.25%;\">\n\t\t\t\t\t\t\t<a href=\"https:\/\/get-it-easy.de\/es\/blog\/proyectores-en-el-ambito-educativo\/\" class=\"plain\" aria-label=\"Proyectores en el \u00e1mbito educativo: herramientas eficaces para la ense\u00f1anza\">\n\t\t\t\t\t\t\t\t<img decoding=\"async\" width=\"420\" height=\"236\" src=\"https:\/\/get-it-easy.de\/wp-content\/uploads\/2024\/05\/beamer-im-bildungsbereich-420x236.jpg\" class=\"attachment-medium size-medium wp-post-image\" alt=\"proyectores en el \u00e1mbito educativo\" srcset=\"https:\/\/get-it-easy.de\/wp-content\/uploads\/2024\/05\/beamer-im-bildungsbereich-420x236.jpg 420w, https:\/\/get-it-easy.de\/wp-content\/uploads\/2024\/05\/beamer-im-bildungsbereich-768x432.jpg 768w, https:\/\/get-it-easy.de\/wp-content\/uploads\/2024\/05\/beamer-im-bildungsbereich-1536x864.jpg 1536w, https:\/\/get-it-easy.de\/wp-content\/uploads\/2024\/05\/beamer-im-bildungsbereich-600x338.jpg 600w, https:\/\/get-it-easy.de\/wp-content\/uploads\/2024\/05\/beamer-im-bildungsbereich.jpg 1920w\" sizes=\"(max-width: 420px) 100vw, 420px\" title=\"\">\t\t\t\t\t\t\t<\/a>\n  \t\t\t\t\t\t\t  \t\t\t\t\t\t\t  \t\t\t\t\t\t<\/div>\n  \t\t\t\t\t\t  \t\t\t\t\t<\/div>\n          \t\t\t\t\t<div class=\"box-text text-center\" >\n\t\t\t\t\t<div class=\"box-text-inner blog-post-inner\">\n\n\t\t\t\t\t\n\t\t\t\t\t\t\t\t\t\t<h5 class=\"post-title is-large \">\n\t\t\t\t\t\t<a href=\"https:\/\/get-it-easy.de\/es\/blog\/proyectores-en-el-ambito-educativo\/\" class=\"plain\">Proyectores en el \u00e1mbito educativo: herramientas eficaces para la ense\u00f1anza<\/a>\n\t\t\t\t\t<\/h5>\n\t\t\t\t\t\t\t\t\t\t<div class=\"is-divider\"><\/div>\n\t\t\t\t\t\t\t\t\t\t<p class=\"from_the_blog_excerpt \">\n\t\t\t\t\t\tProyectores en el \u00e1mbito educativo: aprendizaje interactivo con tecnolog\u00eda de proyecci\u00f3n moderna: \u00a1alqu\u00edlalos con flexibilidad\t\t\t\t\t<\/p>\n\t\t\t\t\t                    \n\t\t\t\t\t\n\t\t\t\t\t\n\t\t\t\t\t<\/div>\n\t\t\t\t\t<\/div>\n\t\t\t\t\t\t\t\t\t\t\t\t\t\t\t\t<div class=\"badge absolute top post-date badge-outline\">\n\t\t\t\t\t\t\t<div class=\"badge-inner\">\n\t\t\t\t\t\t\t\t<span class=\"post-date-day\">14<\/span><br>\n\t\t\t\t\t\t\t\t<span class=\"post-date-month is-xsmall\">May<\/span>\n\t\t\t\t\t\t\t<\/div>\n\t\t\t\t\t\t<\/div>\n\t\t\t\t\t\t\t\t\t<\/div>\n\t\t\t<\/div>\n\t\t<\/div><div class=\"col post-item\" >\n\t\t\t<div class=\"col-inner\">\n\t\t\t\t<div class=\"box box-normal box-text-bottom box-blog-post has-hover\">\n            \t\t\t\t\t<div class=\"box-image\" >\n  \t\t\t\t\t\t<div class=\"image-cover\" style=\"padding-top:56.25%;\">\n\t\t\t\t\t\t\t<a href=\"https:\/\/get-it-easy.de\/es\/blog\/los-mejores-televisores-para-salas-de-reuniones\/\" class=\"plain\" aria-label=\"Los mejores televisores para salas de reuniones\">\n\t\t\t\t\t\t\t\t<img decoding=\"async\" width=\"420\" height=\"236\" src=\"https:\/\/get-it-easy.de\/wp-content\/uploads\/2024\/05\/Fernseher-fuer-Besprechungsraeume-1-420x236.jpg\" class=\"attachment-medium size-medium wp-post-image\" alt=\"Televisores para salas de reuniones\" srcset=\"https:\/\/get-it-easy.de\/wp-content\/uploads\/2024\/05\/Fernseher-fuer-Besprechungsraeume-1-420x236.jpg 420w, https:\/\/get-it-easy.de\/wp-content\/uploads\/2024\/05\/Fernseher-fuer-Besprechungsraeume-1-768x432.jpg 768w, https:\/\/get-it-easy.de\/wp-content\/uploads\/2024\/05\/Fernseher-fuer-Besprechungsraeume-1-1536x864.jpg 1536w, https:\/\/get-it-easy.de\/wp-content\/uploads\/2024\/05\/Fernseher-fuer-Besprechungsraeume-1-600x338.jpg 600w, https:\/\/get-it-easy.de\/wp-content\/uploads\/2024\/05\/Fernseher-fuer-Besprechungsraeume-1.jpg 1920w\" sizes=\"(max-width: 420px) 100vw, 420px\" title=\"\">\t\t\t\t\t\t\t<\/a>\n  \t\t\t\t\t\t\t  \t\t\t\t\t\t\t  \t\t\t\t\t\t<\/div>\n  \t\t\t\t\t\t  \t\t\t\t\t<\/div>\n          \t\t\t\t\t<div class=\"box-text text-center\" >\n\t\t\t\t\t<div class=\"box-text-inner blog-post-inner\">\n\n\t\t\t\t\t\n\t\t\t\t\t\t\t\t\t\t<h5 class=\"post-title is-large \">\n\t\t\t\t\t\t<a href=\"https:\/\/get-it-easy.de\/es\/blog\/los-mejores-televisores-para-salas-de-reuniones\/\" class=\"plain\">Los mejores televisores para salas de reuniones<\/a>\n\t\t\t\t\t<\/h5>\n\t\t\t\t\t\t\t\t\t\t<div class=\"is-divider\"><\/div>\n\t\t\t\t\t\t\t\t\t\t<p class=\"from_the_blog_excerpt \">\n\t\t\t\t\t\tTelevisores para salas de reuniones: pantallas modernas para reuniones eficientes. \u00a1Alqu\u00edlalas con flexibilidad y haz\t\t\t\t\t<\/p>\n\t\t\t\t\t                    \n\t\t\t\t\t\n\t\t\t\t\t\n\t\t\t\t\t<\/div>\n\t\t\t\t\t<\/div>\n\t\t\t\t\t\t\t\t\t\t\t\t\t\t\t\t<div class=\"badge absolute top post-date badge-outline\">\n\t\t\t\t\t\t\t<div class=\"badge-inner\">\n\t\t\t\t\t\t\t\t<span class=\"post-date-day\">07<\/span><br>\n\t\t\t\t\t\t\t\t<span class=\"post-date-month is-xsmall\">May<\/span>\n\t\t\t\t\t\t\t<\/div>\n\t\t\t\t\t\t<\/div>\n\t\t\t\t\t\t\t\t\t<\/div>\n\t\t\t<\/div>\n\t\t<\/div><\/div>\n\n\t<div id=\"text-2585324421\" class=\"text\">\n\t\t\n\n<h3><span style=\"font-size: 90%\">Enlaces de inter\u00e9s<\/span><\/h3>\n<p><a href=\"https:\/\/get-it-easy.de\/es\/alquiler\/mostrar\/proyector\/\">Alquilar proyectores<\/a><\/p>\n<p><a href=\"https:\/\/get-it-easy.de\/es\/alquiler\/mostrar\/monitores\/\">Alquiler de monitores<\/a><\/p>\n<p><a href=\"https:\/\/get-it-easy.de\/es\/alquiler\/accesorios\/\">Alquilar accesorios<\/a><\/p>\n\t\t\n<style>\n#text-2585324421 {\n  line-height: 1.2;\n}\n<\/style>\n\t<\/div>\n\t\n\n\t\t<\/div>\n\n\t\t\n<style>\n#section_915486501 {\n  padding-top: 30px;\n  padding-bottom: 30px;\n}\n<\/style>\n\t<\/section>\n\t\n\n<div class=\"ShariffSC\" style=\"margin-top: -5px; margin-left:-4px;\"><div class=\"shariff shariff-align-left shariff-widget-align-left\"><div class=\"ShariffHeadline\"> <\/div><ul class=\"shariff-buttons theme-default orientation-horizontal buttonsize-small\"><li class=\"shariff-button facebook shariff-nocustomcolor\" style=\"background-color:#4273c8\"><a href=\"https:\/\/www.facebook.com\/sharer\/sharer.php?u=https%3A%2F%2Fget-it-easy.de%2Fes%2Fblog%2Flos-mejores-televisores-para-salas-de-reuniones%2F\" title=\"Compartir en Facebook\" aria-label=\"Compartir en Facebook\" role=\"button\" rel=\"nofollow\" class=\"shariff-link\" style=\"; background-color:#3b5998; color:#fff\" target=\"_blank\"><span class=\"shariff-icon\" style=\"\"><svg width=\"32px\" height=\"20px\" xmlns=\"http:\/\/www.w3.org\/2000\/svg\" viewBox=\"0 0 18 32\"><path fill=\"#3b5998\" d=\"M17.1 0.2v4.7h-2.8q-1.5 0-2.1 0.6t-0.5 1.9v3.4h5.2l-0.7 5.3h-4.5v13.6h-5.5v-13.6h-4.5v-5.3h4.5v-3.9q0-3.3 1.9-5.2t5-1.8q2.6 0 4.1 0.2z\"\/><\/svg><\/span><span class=\"shariff-text\">compartir<\/span>&nbsp;<\/a><\/li><li class=\"shariff-button whatsapp shariff-nocustomcolor\" style=\"background-color:#5cbe4a\"><a href=\"https:\/\/api.whatsapp.com\/send?text=https%3A%2F%2Fget-it-easy.de%2Fes%2Fblog%2Flos-mejores-televisores-para-salas-de-reuniones%2F%20Los%20mejores%20televisores%20para%20salas%20de%20reuniones\" title=\"Compartir en Whatsapp\" aria-label=\"Compartir en Whatsapp\" role=\"button\" rel=\"noopener nofollow\" class=\"shariff-link\" style=\"; background-color:#34af23; color:#fff\" target=\"_blank\"><span class=\"shariff-icon\" style=\"\"><svg width=\"32px\" height=\"20px\" xmlns=\"http:\/\/www.w3.org\/2000\/svg\" viewBox=\"0 0 32 32\"><path fill=\"#34af23\" d=\"M17.6 17.4q0.2 0 1.7 0.8t1.6 0.9q0 0.1 0 0.3 0 0.6-0.3 1.4-0.3 0.7-1.3 1.2t-1.8 0.5q-1 0-3.4-1.1-1.7-0.8-3-2.1t-2.6-3.3q-1.3-1.9-1.3-3.5v-0.1q0.1-1.6 1.3-2.8 0.4-0.4 0.9-0.4 0.1 0 0.3 0t0.3 0q0.3 0 0.5 0.1t0.3 0.5q0.1 0.4 0.6 1.6t0.4 1.3q0 0.4-0.6 1t-0.6 0.8q0 0.1 0.1 0.3 0.6 1.3 1.8 2.4 1 0.9 2.7 1.8 0.2 0.1 0.4 0.1 0.3 0 1-0.9t0.9-0.9zM14 26.9q2.3 0 4.3-0.9t3.6-2.4 2.4-3.6 0.9-4.3-0.9-4.3-2.4-3.6-3.6-2.4-4.3-0.9-4.3 0.9-3.6 2.4-2.4 3.6-0.9 4.3q0 3.6 2.1 6.6l-1.4 4.2 4.3-1.4q2.8 1.9 6.2 1.9zM14 2.2q2.7 0 5.2 1.1t4.3 2.9 2.9 4.3 1.1 5.2-1.1 5.2-2.9 4.3-4.3 2.9-5.2 1.1q-3.5 0-6.5-1.7l-7.4 2.4 2.4-7.2q-1.9-3.2-1.9-6.9 0-2.7 1.1-5.2t2.9-4.3 4.3-2.9 5.2-1.1z\"\/><\/svg><\/span><span class=\"shariff-text\">compartir<\/span>&nbsp;<\/a><\/li><li class=\"shariff-button mailto shariff-nocustomcolor\" style=\"background-color:#a8a8a8\"><a href=\"mailto:?body=https%3A%2F%2Fget-it-easy.de%2Fes%2Fblog%2Flos-mejores-televisores-para-salas-de-reuniones%2F&subject=Los%20mejores%20televisores%20para%20salas%20de%20reuniones\" title=\"Enviar por correo electr\u00f3nico\" aria-label=\"Enviar por correo electr\u00f3nico\" role=\"button\" rel=\"noopener nofollow\" class=\"shariff-link\" style=\"; background-color:#999; color:#fff\"><span class=\"shariff-icon\" style=\"\"><svg width=\"32px\" height=\"20px\" xmlns=\"http:\/\/www.w3.org\/2000\/svg\" viewBox=\"0 0 32 32\"><path fill=\"#999\" d=\"M32 12.7v14.2q0 1.2-0.8 2t-2 0.9h-26.3q-1.2 0-2-0.9t-0.8-2v-14.2q0.8 0.9 1.8 1.6 6.5 4.4 8.9 6.1 1 0.8 1.6 1.2t1.7 0.9 2 0.4h0.1q0.9 0 2-0.4t1.7-0.9 1.6-1.2q3-2.2 8.9-6.1 1-0.7 1.8-1.6zM32 7.4q0 1.4-0.9 2.7t-2.2 2.2q-6.7 4.7-8.4 5.8-0.2 0.1-0.7 0.5t-1 0.7-0.9 0.6-1.1 0.5-0.9 0.2h-0.1q-0.4 0-0.9-0.2t-1.1-0.5-0.9-0.6-1-0.7-0.7-0.5q-1.6-1.1-4.7-3.2t-3.6-2.6q-1.1-0.7-2.1-2t-1-2.5q0-1.4 0.7-2.3t2.1-0.9h26.3q1.2 0 2 0.8t0.9 2z\"\/><\/svg><\/span><span class=\"shariff-text\">correo<\/span>&nbsp;<\/a><\/li><\/ul><\/div><\/div>","protected":false},"excerpt":{"rendered":"<p>Pantallas para eventos: proyecciones perfectas para tus eventos: \u00a1alqu\u00edlalas con total flexibilidad y haz presentaciones profesionales!<\/p>\n","protected":false},"author":1,"featured_media":79105,"comment_status":"closed","ping_status":"","sticky":false,"template":"","format":"standard","meta":{"_acf_changed":false,"footnotes":""},"categories":[866],"tags":[],"class_list":["post-79118","post","type-post","status-publish","format-standard","has-post-thumbnail","hentry","category-soluciones-de-alquiler-para-empresas"],"acf":[],"_links":{"self":[{"href":"https:\/\/get-it-easy.de\/es\/wp-json\/wp\/v2\/posts\/79118","targetHints":{"allow":["GET"]}}],"collection":[{"href":"https:\/\/get-it-easy.de\/es\/wp-json\/wp\/v2\/posts"}],"about":[{"href":"https:\/\/get-it-easy.de\/es\/wp-json\/wp\/v2\/types\/post"}],"author":[{"embeddable":true,"href":"https:\/\/get-it-easy.de\/es\/wp-json\/wp\/v2\/users\/1"}],"replies":[{"embeddable":true,"href":"https:\/\/get-it-easy.de\/es\/wp-json\/wp\/v2\/comments?post=79118"}],"version-history":[{"count":1,"href":"https:\/\/get-it-easy.de\/es\/wp-json\/wp\/v2\/posts\/79118\/revisions"}],"predecessor-version":[{"id":79119,"href":"https:\/\/get-it-easy.de\/es\/wp-json\/wp\/v2\/posts\/79118\/revisions\/79119"}],"wp:featuredmedia":[{"embeddable":true,"href":"https:\/\/get-it-easy.de\/es\/wp-json\/wp\/v2\/media\/79105"}],"wp:attachment":[{"href":"https:\/\/get-it-easy.de\/es\/wp-json\/wp\/v2\/media?parent=79118"}],"wp:term":[{"taxonomy":"category","embeddable":true,"href":"https:\/\/get-it-easy.de\/es\/wp-json\/wp\/v2\/categories?post=79118"},{"taxonomy":"post_tag","embeddable":true,"href":"https:\/\/get-it-easy.de\/es\/wp-json\/wp\/v2\/tags?post=79118"}],"curies":[{"name":"wp","href":"https:\/\/api.w.org\/{rel}","templated":true}]}}