{"id":79130,"date":"2024-03-26T12:41:06","date_gmt":"2024-03-26T11:41:06","guid":{"rendered":"https:\/\/get-it-easy.de\/blog\/el-futuro-ya-esta-aqui-un-vistazo-a-las-especificaciones-tecnicas-del-apple-vision-pro\/"},"modified":"2024-03-26T12:41:06","modified_gmt":"2024-03-26T11:41:06","slug":"el-futuro-ya-esta-aqui-un-vistazo-a-las-especificaciones-tecnicas-del-apple-vision-pro","status":"publish","type":"post","link":"https:\/\/get-it-easy.de\/es\/blog\/el-futuro-ya-esta-aqui-un-vistazo-a-las-especificaciones-tecnicas-del-apple-vision-pro\/","title":{"rendered":"El futuro ya est\u00e1 aqu\u00ed: un vistazo a las especificaciones t\u00e9cnicas de las Apple Vision Pro"},"content":{"rendered":"<p>Las <a href=\"\/?product_cat=apple-vision-pro\">Apple Vision Pro<\/a>, una innovaci\u00f3n revolucionaria, marcan un nuevo hito en el mundo de la tecnolog\u00eda <a href=\"https:\/\/get-it-easy.de\/es\/alquiler\/realidad-virtual\/\">de realidad virtual<\/a>. Con esa combinaci\u00f3n \u00fanica de dise\u00f1o, rendimiento y respeto por el medio ambiente, este dispositivo ofrece una experiencia de usuario inigualable. En este art\u00edculo nos adentramos en las especificaciones t\u00e9cnicas de las Apple Vision Pro y descubrimos qu\u00e9 es lo que hace que estas <a href=\"https:\/\/get-it-easy.de\/es\/alquiler\/realidad-virtual\/gafas-de-rv\/\">gafas de realidad virtual<\/a> sean tan revolucionarias.<\/p>\n<h2><span style=\"color: #6fb440;\">Especificaciones t\u00e9cnicas de Apple Vision Pro<\/span><\/h2>\n<h3><span style=\"color: #282828;\">Hardware e innovaci\u00f3n<\/span><\/h3>\n<p>Las Apple Vision Pro representan la c\u00faspide de la innovaci\u00f3n tecnol\u00f3gica, combinada con la conocida filosof\u00eda de dise\u00f1o de Apple. Los componentes clave del hardware est\u00e1n pensados para ofrecer rendimiento, una experiencia de usuario \u00f3ptima y capacidad de adaptaci\u00f3n al futuro. Entre las gafas <a href=\"https:\/\/get-it-easy.de\/es\/alquiler\/realidad-virtual\/\">de realidad virtual hay diferentes tipos<\/a>. Las Apple Vision Pro se clasifican como <a href=\"https:\/\/get-it-easy.de\/es\/alquiler\/realidad-virtual\/rv-autonoma\/\">gafas de realidad virtual aut\u00f3nomas<\/a>, ya que no necesitas ning\u00fan <a href=\"https:\/\/get-it-easy.de\/es\/alquiler\/accesorios\/\">accesorio<\/a> adicional para usarlas.<\/p>\n<h4><strong>Tecnolog\u00eda de pantallas<\/strong><\/h4>\n<p>En el centro del Apple Vision Pro hay dos pantallas Micro-OLED que ofrecen una calidad de imagen excepcional. Con un total de 23 millones de p\u00edxeles \u2014m\u00e1s de 4K por ojo\u2014, estas pantallas marcan nuevos est\u00e1ndares en cuanto a nitidez y precisi\u00f3n del color. Estos paneles de alta resoluci\u00f3n te ofrecen una experiencia inmersiva sin precedentes, gracias a su amplio espectro de colores y su alto rango din\u00e1mico. Las pantallas cuentan con una frecuencia de refresco adaptativa que se ajusta autom\u00e1ticamente al contenido para garantizar un equilibrio \u00f3ptimo entre rendimiento y calidad visual.<\/p>\n<h4><strong>Tecnolog\u00eda de chips<\/strong><\/h4>\n<p>El Apple Vision Pro funciona gracias a una combinaci\u00f3n del chip M2 y el chip R1, desarrollado espec\u00edficamente para \u00e9l. El chip M2, conocido por su eficiencia y rendimiento, permite ejecutar aplicaciones y juegos exigentes. El chip R1 complementa esta funci\u00f3n centr\u00e1ndose en el procesamiento en tiempo real de las entradas. Esta arquitectura de doble chip permite que el Vision Pro actualice las im\u00e1genes ocho veces m\u00e1s r\u00e1pido de lo que tarda el ojo humano en parpadear, lo que ofrece una experiencia de usuario fluida y sin retrasos. La integraci\u00f3n de 12 c\u00e1maras, cinco sensores y seis micr\u00f3fonos respalda este sistema para garantizar una experiencia precisa e inmersiva.<\/p>\n<h4><strong>Tecnolog\u00eda de audio<\/strong><\/h4>\n<p>El sistema de audio espacial del Apple Vision Pro, otro de sus puntos fuertes, ofrece una experiencia sonora superior a la de los productos anteriores. Con dos altavoces amplificados individualmente en cada m\u00f3dulo de audio, el sistema genera un sonido que se integra a la perfecci\u00f3n en el entorno del usuario. Este sistema se basa en la tecnolog\u00eda \u00abPersonalized Spatial Audio\u00bb, que adapta el sonido a cada usuario teniendo en cuenta la forma de su cabeza y sus o\u00eddos. As\u00ed se crea una experiencia sonora \u00fanica e inmersiva que difumina los l\u00edmites entre el mundo digital y el real.<\/p>\n<h4><strong>Tecnolog\u00eda de interacci\u00f3n y seguridad<\/strong><\/h4>\n<p>La tecnolog\u00eda EyeSight y el Optic ID garantizan una interacci\u00f3n intuitiva y una mayor seguridad. Gracias a unas c\u00e1maras de alta velocidad y a un anillo de LED que proyectan patrones de luz invisibles sobre los ojos del usuario, el Vision Pro ofrece una funci\u00f3n de seguimiento ocular muy precisa. Esto permite un control natural mediante la direcci\u00f3n de la mirada y los gestos. La tecnolog\u00eda Optic ID utiliza un esc\u00e1ner de iris para autenticar de forma segura al usuario, de manera similar al Face ID del iPhone, lo que eleva la seguridad a un nuevo nivel. Estas caracter\u00edsticas garantizan que tus datos personales permanezcan a salvo y que la interacci\u00f3n con el dispositivo sea lo m\u00e1s natural posible.<\/p>\n<p>Gracias a estas tecnolog\u00edas de vanguardia, las Apple Vision Pro marcan la pauta de lo que es posible en el mundo de la realidad mixta. Estas gafas de realidad virtual ofrecen una combinaci\u00f3n \u00fanica de impresionante calidad visual, audio envolvente, interacci\u00f3n intuitiva y seguridad inigualable, que juntas crean una experiencia de usuario fluida y cautivadora.<\/p>\n<h3><span style=\"color: #282828;\">Resumen de las especificaciones<\/span><\/h3>\n<p>El Apple Vision Pro incluye un mont\u00f3n de componentes y funciones, entre ellas:<\/p>\n<ul>\n<li>Dos pantallas micro-OLED de 3660 x 3200 p\u00edxeles con un total de 23 megap\u00edxeles<\/li>\n<li>Ajuste de la pantalla a diferentes frecuencias de actualizaci\u00f3n (hasta 100 Hz para pel\u00edculas)<\/li>\n<li>El chip M2 de Apple y el procesador de imagen R1 para un rendimiento potente<\/li>\n<li>Seguimiento ocular y esc\u00e1ner de iris para una interacci\u00f3n fluida y mayor seguridad<\/li>\n<li>Opciones de almacenamiento de 256, 512 GB y 1 TB<\/li>\n<li>Conectividad mediante Wi-Fi 6 y Bluetooth 5<\/li>\n<\/ul>\n<h3><span style=\"color: #282828;\">Respeto por el medio ambiente y contenido del paquete<\/span><\/h3>\n<p>Las Apple Vision Pro no solo marcan nuevas pautas en materia de tecnolog\u00eda, sino tambi\u00e9n en lo que se refiere a la conciencia medioambiental. Con este producto, Apple vuelve a demostrar su compromiso con la sostenibilidad y la protecci\u00f3n del medio ambiente. Las Vision Pro est\u00e1n fabricadas en gran parte con materiales reciclados, lo que las convierte en unas gafas de realidad virtual de las m\u00e1s respetuosas con el medio ambiente del mercado.<\/p>\n<h4><strong>Materiales reciclados<\/strong><\/h4>\n<ul>\n<li><strong>Estructura y carcasa de la bater\u00eda:<\/strong> Tanto la estructura como la carcasa de la bater\u00eda del Apple Vision Pro est\u00e1n fabricadas con aluminio 100 % reciclado. Esto pone de manifiesto el compromiso de Apple por minimizar el impacto medioambiental de sus productos.<\/li>\n<li><strong>Imanes:<\/strong> Todos los imanes del dispositivo est\u00e1n hechos de tierras raras 100 % recicladas, lo que no solo protege el medio ambiente, sino que tambi\u00e9n reduce la dependencia de materiales nuevos.<\/li>\n<li><strong>Tejidos:<\/strong> M\u00e1s del 80 % de los hilos utilizados para la junta de luz son reciclados, al igual que el 70 % del hilo de la banda Solo Knit. <\/li>\n<li><strong>Componentes de pl\u00e1stico: M\u00e1s <\/strong>del 30 % de los componentes de pl\u00e1stico del Apple Vision Pro proceden de material reciclado, lo que reduce el consumo de nuevos recursos pl\u00e1sticos.<\/li>\n<\/ul>\n<h4><b>Embalaje<\/b><\/h4>\n<p>El embalaje del Apple Vision Pro est\u00e1 fabricado \u00edntegramente con materiales fibrosos, y el 100 % de la fibra de madera utilizada procede de bosques gestionados de forma responsable. Apple apuesta por una soluci\u00f3n de embalaje sostenible, que adem\u00e1s es reciclable y se obtiene de fuentes renovables.<\/p>\n<h4><strong>Contenido del paquete<\/strong><\/h4>\n<p>Adem\u00e1s del propio dispositivo, el paquete del Apple Vision Pro incluye una junta de luz, una almohadilla para la junta de luz y una banda Solo Knit, que mejoran el ajuste personalizado y la comodidad al llevarlo puesto. Adem\u00e1s, el paquete incluye un pa\u00f1o de limpieza, un adaptador de corriente USB-C de 30 W y un cable de carga USB-C de 1,5 metros de largo, que facilita el uso y el cuidado del dispositivo. <\/p>\n<h2><span style=\"color: #282828;\">Conclusi\u00f3n<\/span><\/h2>\n<p>El Apple Vision Pro supone un gran avance en el mundo de la realidad mixta. Con su tecnolog\u00eda puntera, su compromiso con el medio ambiente y su enfoque en la seguridad y la privacidad, Apple establece nuevos est\u00e1ndares para el futuro del uso de la tecnolog\u00eda, tanto a nivel personal como profesional. El Vision Pro no es solo un dispositivo para la \u00e9lite tecnol\u00f3gica, sino una puerta de entrada a un nuevo mundo de interacci\u00f3n y experiencias que ampl\u00eda los l\u00edmites de lo que cre\u00edamos posible.<\/p>\n<p>Para los que est\u00e9n interesados en el caro<a href=\"\/?product_cat=apple-vision-pro\"> Apple Vision Pro<\/a>  Si quieres probarlo sin tener que hacer una gran inversi\u00f3n de inmediato, hay una alternativa muy interesante: alquilarlo a trav\u00e9s de proveedores como get-IT-easy. Este modelo te permite acceder a las \u00faltimas tecnolog\u00edas, incluyendo  <a href=\"https:\/\/get-it-easy.de\/es\/alquiler\/accesorios\/\">Accesorios<\/a>  sin tener que pagar el precio total de compra. Alquilar en lugar de comprar puede resultar especialmente interesante para empresas, desarrolladores y aficionados a la tecnolog\u00eda que necesiten el dispositivo para proyectos a corto plazo, aplicaciones espec\u00edficas o simplemente para probarlo. Gracias a esta opci\u00f3n flexible, puedes disfrutar de las funciones avanzadas y el impresionante rendimiento del Apple Vision Pro sin comprometerte econ\u00f3micamente a largo plazo. As\u00ed te mantienes a la \u00faltima en tecnolog\u00eda, al tiempo que optimizas costes y recursos.<\/p>\n<h3><span style=\"color: #282828;\">Preguntas frecuentes<\/span><\/h3>\n<p><strong>1. \u00bfCu\u00e1nto dura la bater\u00eda del Apple Vision Pro?<\/strong><\/p>\n<p>La bater\u00eda del Apple Vision Pro dura hasta 2 horas con una sola carga.<\/p>\n<p><strong>2. \u00bfSe puede usar el Apple Vision Pro con gafas?  <\/strong><\/p>\n<p>S\u00ed, las Vision Pro son compatibles con los insertos \u00f3pticos personalizados de ZEISS, que se pueden fijar magn\u00e9ticamente a las lentes principales.<\/p>\n<p><strong>3. \u00bfQu\u00e9 sistemas operativos es compatibles con el Apple Vision Pro?<\/strong><\/p>\n<p>El Apple Vision Pro funciona con el sistema operativo visionOS.<\/p>\n<div class=\"ShariffSC\" style=\"margin-top: -5px; margin-left:-4px;\"><div class=\"shariff shariff-align-left shariff-widget-align-left\"><div class=\"ShariffHeadline\"> <\/div><ul class=\"shariff-buttons theme-default orientation-horizontal buttonsize-small\"><li class=\"shariff-button facebook shariff-nocustomcolor\" style=\"background-color:#4273c8\"><a href=\"https:\/\/www.facebook.com\/sharer\/sharer.php?u=https%3A%2F%2Fget-it-easy.de%2Fes%2Fblog%2Fel-futuro-ya-esta-aqui-un-vistazo-a-las-especificaciones-tecnicas-del-apple-vision-pro%2F\" title=\"Compartir en Facebook\" aria-label=\"Compartir en Facebook\" role=\"button\" rel=\"nofollow\" class=\"shariff-link\" style=\"; background-color:#3b5998; color:#fff\" target=\"_blank\"><span class=\"shariff-icon\" style=\"\"><svg width=\"32px\" height=\"20px\" xmlns=\"http:\/\/www.w3.org\/2000\/svg\" viewBox=\"0 0 18 32\"><path fill=\"#3b5998\" d=\"M17.1 0.2v4.7h-2.8q-1.5 0-2.1 0.6t-0.5 1.9v3.4h5.2l-0.7 5.3h-4.5v13.6h-5.5v-13.6h-4.5v-5.3h4.5v-3.9q0-3.3 1.9-5.2t5-1.8q2.6 0 4.1 0.2z\"\/><\/svg><\/span><span class=\"shariff-text\">compartir<\/span>&nbsp;<\/a><\/li><li class=\"shariff-button whatsapp shariff-nocustomcolor\" style=\"background-color:#5cbe4a\"><a href=\"https:\/\/api.whatsapp.com\/send?text=https%3A%2F%2Fget-it-easy.de%2Fes%2Fblog%2Fel-futuro-ya-esta-aqui-un-vistazo-a-las-especificaciones-tecnicas-del-apple-vision-pro%2F%20El%20futuro%20ya%20est%C3%A1%20aqu%C3%AD%3A%20un%20vistazo%20a%20las%20especificaciones%20t%C3%A9cnicas%20de%20las%20Apple%20Vision%20Pro\" title=\"Compartir en Whatsapp\" aria-label=\"Compartir en Whatsapp\" role=\"button\" rel=\"noopener nofollow\" class=\"shariff-link\" style=\"; background-color:#34af23; color:#fff\" target=\"_blank\"><span class=\"shariff-icon\" style=\"\"><svg width=\"32px\" height=\"20px\" xmlns=\"http:\/\/www.w3.org\/2000\/svg\" viewBox=\"0 0 32 32\"><path fill=\"#34af23\" d=\"M17.6 17.4q0.2 0 1.7 0.8t1.6 0.9q0 0.1 0 0.3 0 0.6-0.3 1.4-0.3 0.7-1.3 1.2t-1.8 0.5q-1 0-3.4-1.1-1.7-0.8-3-2.1t-2.6-3.3q-1.3-1.9-1.3-3.5v-0.1q0.1-1.6 1.3-2.8 0.4-0.4 0.9-0.4 0.1 0 0.3 0t0.3 0q0.3 0 0.5 0.1t0.3 0.5q0.1 0.4 0.6 1.6t0.4 1.3q0 0.4-0.6 1t-0.6 0.8q0 0.1 0.1 0.3 0.6 1.3 1.8 2.4 1 0.9 2.7 1.8 0.2 0.1 0.4 0.1 0.3 0 1-0.9t0.9-0.9zM14 26.9q2.3 0 4.3-0.9t3.6-2.4 2.4-3.6 0.9-4.3-0.9-4.3-2.4-3.6-3.6-2.4-4.3-0.9-4.3 0.9-3.6 2.4-2.4 3.6-0.9 4.3q0 3.6 2.1 6.6l-1.4 4.2 4.3-1.4q2.8 1.9 6.2 1.9zM14 2.2q2.7 0 5.2 1.1t4.3 2.9 2.9 4.3 1.1 5.2-1.1 5.2-2.9 4.3-4.3 2.9-5.2 1.1q-3.5 0-6.5-1.7l-7.4 2.4 2.4-7.2q-1.9-3.2-1.9-6.9 0-2.7 1.1-5.2t2.9-4.3 4.3-2.9 5.2-1.1z\"\/><\/svg><\/span><span class=\"shariff-text\">compartir<\/span>&nbsp;<\/a><\/li><li class=\"shariff-button mailto shariff-nocustomcolor\" style=\"background-color:#a8a8a8\"><a href=\"mailto:?body=https%3A%2F%2Fget-it-easy.de%2Fes%2Fblog%2Fel-futuro-ya-esta-aqui-un-vistazo-a-las-especificaciones-tecnicas-del-apple-vision-pro%2F&subject=El%20futuro%20ya%20est%C3%A1%20aqu%C3%AD%3A%20un%20vistazo%20a%20las%20especificaciones%20t%C3%A9cnicas%20de%20las%20Apple%20Vision%20Pro\" title=\"Enviar por correo electr\u00f3nico\" aria-label=\"Enviar por correo electr\u00f3nico\" role=\"button\" rel=\"noopener nofollow\" class=\"shariff-link\" style=\"; background-color:#999; color:#fff\"><span class=\"shariff-icon\" style=\"\"><svg width=\"32px\" height=\"20px\" xmlns=\"http:\/\/www.w3.org\/2000\/svg\" viewBox=\"0 0 32 32\"><path fill=\"#999\" d=\"M32 12.7v14.2q0 1.2-0.8 2t-2 0.9h-26.3q-1.2 0-2-0.9t-0.8-2v-14.2q0.8 0.9 1.8 1.6 6.5 4.4 8.9 6.1 1 0.8 1.6 1.2t1.7 0.9 2 0.4h0.1q0.9 0 2-0.4t1.7-0.9 1.6-1.2q3-2.2 8.9-6.1 1-0.7 1.8-1.6zM32 7.4q0 1.4-0.9 2.7t-2.2 2.2q-6.7 4.7-8.4 5.8-0.2 0.1-0.7 0.5t-1 0.7-0.9 0.6-1.1 0.5-0.9 0.2h-0.1q-0.4 0-0.9-0.2t-1.1-0.5-0.9-0.6-1-0.7-0.7-0.5q-1.6-1.1-4.7-3.2t-3.6-2.6q-1.1-0.7-2.1-2t-1-2.5q0-1.4 0.7-2.3t2.1-0.9h26.3q1.2 0 2 0.8t0.9 2z\"\/><\/svg><\/span><span class=\"shariff-text\">correo<\/span>&nbsp;<\/a><\/li><\/ul><\/div><\/div>","protected":false},"excerpt":{"rendered":"<p>Datos t\u00e9cnicos del Apple Vision Pro: un vistazo al futuro de la tecnolog\u00eda: \u00a1la innovaci\u00f3n y el rendimiento combinados a la perfecci\u00f3n!<\/p>\n","protected":false},"author":53,"featured_media":79114,"comment_status":"","ping_status":"","sticky":false,"template":"","format":"standard","meta":{"_acf_changed":false,"footnotes":""},"categories":[869],"tags":[],"class_list":["post-79130","post","type-post","status-publish","format-standard","has-post-thumbnail","hentry","category-tendencias-tecnologicas"],"acf":[],"_links":{"self":[{"href":"https:\/\/get-it-easy.de\/es\/wp-json\/wp\/v2\/posts\/79130","targetHints":{"allow":["GET"]}}],"collection":[{"href":"https:\/\/get-it-easy.de\/es\/wp-json\/wp\/v2\/posts"}],"about":[{"href":"https:\/\/get-it-easy.de\/es\/wp-json\/wp\/v2\/types\/post"}],"author":[{"embeddable":true,"href":"https:\/\/get-it-easy.de\/es\/wp-json\/wp\/v2\/users\/53"}],"replies":[{"embeddable":true,"href":"https:\/\/get-it-easy.de\/es\/wp-json\/wp\/v2\/comments?post=79130"}],"version-history":[{"count":0,"href":"https:\/\/get-it-easy.de\/es\/wp-json\/wp\/v2\/posts\/79130\/revisions"}],"wp:featuredmedia":[{"embeddable":true,"href":"https:\/\/get-it-easy.de\/es\/wp-json\/wp\/v2\/media\/79114"}],"wp:attachment":[{"href":"https:\/\/get-it-easy.de\/es\/wp-json\/wp\/v2\/media?parent=79130"}],"wp:term":[{"taxonomy":"category","embeddable":true,"href":"https:\/\/get-it-easy.de\/es\/wp-json\/wp\/v2\/categories?post=79130"},{"taxonomy":"post_tag","embeddable":true,"href":"https:\/\/get-it-easy.de\/es\/wp-json\/wp\/v2\/tags?post=79130"}],"curies":[{"name":"wp","href":"https:\/\/api.w.org\/{rel}","templated":true}]}}